{"id":19073,"date":"2024-04-30T09:33:10","date_gmt":"2024-04-30T14:33:10","guid":{"rendered":"http:\/\/web-zac.com\/?p=19073"},"modified":"2024-04-30T09:33:21","modified_gmt":"2024-04-30T14:33:21","slug":"defenderemos-y-protegeremos-a-nuestra-ninez-fresnillense-bennelly-hernandez","status":"publish","type":"post","link":"http:\/\/web-zac.com\/?p=19073","title":{"rendered":"\u201cDefenderemos y protegeremos a nuestra ni\u00f1ez fresnillense\u201d: Bennelly Hern\u00e1ndez"},"content":{"rendered":"\n<p>\n<br>\n<br>Fresnillo, Zac. \u2013 Este lunes, Bennelly Hern\u00e1ndez Ruedas, candidata a la Presidencia Municipal, visit\u00f3 colonias y comunidades de El Mineral, para compartir un momento de alegr\u00eda y diversi\u00f3n con ni\u00f1os, a prop\u00f3sito del D\u00eda del Ni\u00f1o.\n<br>\n<br>Durante sus recorridos por las colonias de los Balcones y El Olivar; as\u00ed como las comunidades de Plateros, Tapias de Santa Cruz, El Epazote, Trujillo, Buenavista de Trujillo y San Jer\u00f3nimo; Hern\u00e1ndez Ruedas dirigi\u00f3 un mensaje a los peque\u00f1os, en el que enfatiz\u00f3 la importancia de estudiar y prepararse, adem\u00e1s de involucrarse en actividades de sana convivencia. \n<br>\n<br>Explic\u00f3 que, al ser la educaci\u00f3n un derecho fundamental de los ni\u00f1os; en su gobierno impulsar\u00e1 un programa de becas municipales para ni\u00f1os y j\u00f3venes estudiantes, que no est\u00e9n recibiendo alg\u00fan otro apoyo social; con el objetivo de incentivarlos a no abandonar sus estudios.\n<br>\n<br>Adem\u00e1s, expuso que, como parte de sus propuestas en el eje de reconstrucci\u00f3n del tejido social; se encuentra promover diversas actividades art\u00edsticas, culturales y deportivas, en las que las y los peque\u00f1os fresnillenses, puedan tener un primer acercamiento en las artes o alguna disciplina deportiva; acciones que contribuyen directamente a la prevenci\u00f3n del delito y la recuperaci\u00f3n de los espacios p\u00fablicos.\n<br>\t\n<br>Destac\u00f3 la importante de incentivar desde la etapa infantil, que las y los peque\u00f1os participen en actividades para proteger y cuidar su entorno; acciones que, a futuro, \u201cnos ayuden a formar generaciones m\u00e1s conscientes de nuestro entorno, de lo que sucede y como podemos colaborar; ense\u00f1arles desde su corta edad, de las responsabilidades que tenemos como sociedad, al involucrarnos y tomar las decisiones que mejor convengan en colectividad\u201d.\n<br>\n<br>Enfatiz\u00f3 que, las y los ni\u00f1os merecen vivir con armon\u00eda y seguridad, por lo que se trabajar\u00e1 de manera ardua para ofrecerles mejores condiciones y oportunidades, as\u00ed como un mejor lugar para vivir, \u201creestructurando nuestra sociedad\u201d.\n<br>\n<br>\u201cTengo una enorme responsabilidad con todos estos ni\u00f1os y ni\u00f1as; muchas de ellas, incluso, vi\u00e9ndome como un referente, para imaginar y aspirar a lograr estos puestos de toma de decisi\u00f3n, o aquello que se propongan; para m\u00ed, eso ya me compromete\u201d, asegur\u00f3.\n<br>\n<br>Refiri\u00f3 que, la ni\u00f1ez es, tal vez la etapa m\u00e1s bella que el ser humano debe vivir; en la que desear\u00edamos que todos los ni\u00f1os tuvieran las mejores condiciones, para disfrutarla, para aprender de ella, para divertirse. \u201cQueremos que nuestra ni\u00f1ez fresnillense crezca feliz, para construir ciudadanos plenos y propositivos\u201d.\n<br>\n<br>En sus propuestas tambi\u00e9n planteo el inter\u00e9s de llevar a cabo un proyecto, para poder construir un centro de rehabilitaci\u00f3n infantil, que permita dar atenci\u00f3n a ni\u00f1os con alguna discapacidad; en temas de independencia funcional, inclusi\u00f3n social y educativa. \n<br>\n<br>\n<br>\n<br><\/p>\n\n\n\n<figure class=\"wp-block-image size-large\"><img loading=\"lazy\" decoding=\"async\" width=\"768\" height=\"1024\" src=\"http:\/\/web-zac.com\/wp-content\/uploads\/2024\/04\/img-20240429-wa02537519027842201174601-768x1024.jpg\" alt=\"\" class=\"wp-image-19072\" srcset=\"http:\/\/web-zac.com\/wp-content\/uploads\/2024\/04\/img-20240429-wa02537519027842201174601-768x1024.jpg 768w, http:\/\/web-zac.com\/wp-content\/uploads\/2024\/04\/img-20240429-wa02537519027842201174601-225x300.jpg 225w, http:\/\/web-zac.com\/wp-content\/uploads\/2024\/04\/img-20240429-wa02537519027842201174601-1152x1536.jpg 1152w, http:\/\/web-zac.com\/wp-content\/uploads\/2024\/04\/img-20240429-wa02537519027842201174601-900x1200.jpg 900w, http:\/\/web-zac.com\/wp-content\/uploads\/2024\/04\/img-20240429-wa02537519027842201174601.jpg 1500w\" sizes=\"auto, (max-width: 768px) 100vw, 768px\" \/><\/figure>\n","protected":false},"excerpt":{"rendered":"<p>Fresnillo, Zac. \u2013 Este lunes, Bennelly Hern\u00e1ndez Ruedas, candidata a la Presidencia Municipal, visit\u00f3 colonias y comunidades de El Mineral, para compartir un momento de alegr\u00eda y diversi\u00f3n con ni\u00f1os, a prop\u00f3sito del D\u00eda del Ni\u00f1o. Durante sus recorridos por las colonias de los Balcones y El Olivar; as\u00ed como las comunidades de Plateros, Tapias [&hellip;]<\/p>\n","protected":false},"author":3,"featured_media":19072,"comment_status":"open","ping_status":"open","sticky":false,"template":"","format":"standard","meta":{"footnotes":""},"categories":[3],"tags":[],"class_list":["post-19073","post","type-post","status-publish","format-standard","has-post-thumbnail","hentry","category-webpolitica"],"jetpack_featured_media_url":"http:\/\/web-zac.com\/wp-content\/uploads\/2024\/04\/img-20240429-wa02537519027842201174601.jpg","_links":{"self":[{"href":"http:\/\/web-zac.com\/index.php?rest_route=\/wp\/v2\/posts\/19073","targetHints":{"allow":["GET"]}}],"collection":[{"href":"http:\/\/web-zac.com\/index.php?rest_route=\/wp\/v2\/posts"}],"about":[{"href":"http:\/\/web-zac.com\/index.php?rest_route=\/wp\/v2\/types\/post"}],"author":[{"embeddable":true,"href":"http:\/\/web-zac.com\/index.php?rest_route=\/wp\/v2\/users\/3"}],"replies":[{"embeddable":true,"href":"http:\/\/web-zac.com\/index.php?rest_route=%2Fwp%2Fv2%2Fcomments&post=19073"}],"version-history":[{"count":1,"href":"http:\/\/web-zac.com\/index.php?rest_route=\/wp\/v2\/posts\/19073\/revisions"}],"predecessor-version":[{"id":19074,"href":"http:\/\/web-zac.com\/index.php?rest_route=\/wp\/v2\/posts\/19073\/revisions\/19074"}],"wp:featuredmedia":[{"embeddable":true,"href":"http:\/\/web-zac.com\/index.php?rest_route=\/wp\/v2\/media\/19072"}],"wp:attachment":[{"href":"http:\/\/web-zac.com\/index.php?rest_route=%2Fwp%2Fv2%2Fmedia&parent=19073"}],"wp:term":[{"taxonomy":"category","embeddable":true,"href":"http:\/\/web-zac.com\/index.php?rest_route=%2Fwp%2Fv2%2Fcategories&post=19073"},{"taxonomy":"post_tag","embeddable":true,"href":"http:\/\/web-zac.com\/index.php?rest_route=%2Fwp%2Fv2%2Ftags&post=19073"}],"curies":[{"name":"wp","href":"https:\/\/api.w.org\/{rel}","templated":true}]}}