{"id":19066,"date":"2024-04-29T16:42:04","date_gmt":"2024-04-29T21:42:04","guid":{"rendered":"http:\/\/web-zac.com\/?p=19066"},"modified":"2024-04-29T16:42:04","modified_gmt":"2024-04-29T21:42:04","slug":"rita-quinones-acude-a-la-primaria-lazaro-cardenas-a-realizar-honores-a-la-bandera","status":"publish","type":"post","link":"http:\/\/web-zac.com\/?p=19066","title":{"rendered":"RITA QUI\u00d1ONES ACUDE A LA PRIMARIA L\u00c1ZARO C\u00c1RDENAS A REALIZAR HONORES A LA BANDERA"},"content":{"rendered":"<p>Fresnillo, Zac.- Los valores c\u00edvicos son parte fundamental de la educaci\u00f3n de ni\u00f1os y j\u00f3venes en<br \/>\nnuestro pa\u00eds, pues de ah\u00ed surge el amor a la patria, es por ello que, desde el municipio de Fresnillo,<br \/>\nque encabeza la alcaldesa Rita Roc\u00edo Qui\u00f1ones de Luna, semana a semana se realizan Honores al<\/p>\n<p>L\u00e1baro Patrio, fomentando as\u00ed el amor a nuestros s\u00edmbolos patrios<br \/>\nEn esta ocasi\u00f3n, Qui\u00f1ones de Luna acudi\u00f3 a la primaria L\u00e1zaro C\u00e1rdenas del R\u00edo, del<br \/>\nfraccionamiento Abel D\u00e1vila, al poniente de la ciudad. Los alumnos con gran respeto llevaron a<br \/>\ncabo Honores a la Bandera y con gran gusto recibieron a la presidenta, a quien le aplaudieron por<br \/>\nser la segunda alcaldesa de Fresnillo.<\/p>\n<p>En tanto, la primera Edil aprovech\u00f3 para felicitar a los infantes, pues est\u00e1n por celebrar el D\u00eda del<br \/>\nNi\u00f1o, al dirigirse a ellos les pidi\u00f3 aprovechen su momento para jugar y dar amor a su alrededor,<br \/>\npues un ni\u00f1o feliz es un ni\u00f1o que en su entorno est\u00e1 bien.<br \/>\nRita Qui\u00f1ones les habl\u00f3 de sus derechos y les pidi\u00f3 no olvidarlos para que no les quiten la<br \/>\noportunidad de jugar, aprender, amar y so\u00f1ar en grande.<\/p>\n","protected":false},"excerpt":{"rendered":"<p>Fresnillo, Zac.- Los valores c\u00edvicos son parte fundamental de la educaci\u00f3n de ni\u00f1os y j\u00f3venes en nuestro pa\u00eds, pues de ah\u00ed surge el amor a la patria, es por ello que, desde el municipio de Fresnillo, que encabeza la alcaldesa Rita Roc\u00edo Qui\u00f1ones de Luna, semana a semana se realizan Honores al L\u00e1baro Patrio, fomentando [&hellip;]<\/p>\n","protected":false},"author":3,"featured_media":19068,"comment_status":"open","ping_status":"open","sticky":false,"template":"","format":"standard","meta":{"footnotes":""},"categories":[19,6],"tags":[],"class_list":["post-19066","post","type-post","status-publish","format-standard","has-post-thumbnail","hentry","category-fresnillo","category-webmunicipios"],"jetpack_featured_media_url":"http:\/\/web-zac.com\/wp-content\/uploads\/2024\/04\/WhatsApp-Image-2024-04-29-at-3.38.16-PM.jpeg","_links":{"self":[{"href":"http:\/\/web-zac.com\/index.php?rest_route=\/wp\/v2\/posts\/19066","targetHints":{"allow":["GET"]}}],"collection":[{"href":"http:\/\/web-zac.com\/index.php?rest_route=\/wp\/v2\/posts"}],"about":[{"href":"http:\/\/web-zac.com\/index.php?rest_route=\/wp\/v2\/types\/post"}],"author":[{"embeddable":true,"href":"http:\/\/web-zac.com\/index.php?rest_route=\/wp\/v2\/users\/3"}],"replies":[{"embeddable":true,"href":"http:\/\/web-zac.com\/index.php?rest_route=%2Fwp%2Fv2%2Fcomments&post=19066"}],"version-history":[{"count":1,"href":"http:\/\/web-zac.com\/index.php?rest_route=\/wp\/v2\/posts\/19066\/revisions"}],"predecessor-version":[{"id":19069,"href":"http:\/\/web-zac.com\/index.php?rest_route=\/wp\/v2\/posts\/19066\/revisions\/19069"}],"wp:featuredmedia":[{"embeddable":true,"href":"http:\/\/web-zac.com\/index.php?rest_route=\/wp\/v2\/media\/19068"}],"wp:attachment":[{"href":"http:\/\/web-zac.com\/index.php?rest_route=%2Fwp%2Fv2%2Fmedia&parent=19066"}],"wp:term":[{"taxonomy":"category","embeddable":true,"href":"http:\/\/web-zac.com\/index.php?rest_route=%2Fwp%2Fv2%2Fcategories&post=19066"},{"taxonomy":"post_tag","embeddable":true,"href":"http:\/\/web-zac.com\/index.php?rest_route=%2Fwp%2Fv2%2Ftags&post=19066"}],"curies":[{"name":"wp","href":"https:\/\/api.w.org\/{rel}","templated":true}]}}