{"id":19055,"date":"2024-04-28T21:58:03","date_gmt":"2024-04-29T02:58:03","guid":{"rendered":"http:\/\/web-zac.com\/?p=19055"},"modified":"2024-04-28T21:58:20","modified_gmt":"2024-04-29T02:58:20","slug":"exhorta-martin-alvarez-a-lideres-politicos-a-sumarse-al-proyecto-de-morena","status":"publish","type":"post","link":"http:\/\/web-zac.com\/?p=19055","title":{"rendered":"EXHORTA MART\u00cdN \u00c1LVAREZ A L\u00cdDERES POL\u00cdTICOS A SUMARSE AL PROYECTO DE MORENA"},"content":{"rendered":"\n<p>\n<br>\u2022\t\u201cNo tengo duda de que vamos a ganar\u201d \n<br>asegur\u00f3 el candidato a la Legislatura Local\n<br> \n<br>Fresnillo, Zac.- En conferencia de prensa, Mart\u00edn \u00c1lvarez Casio, candidato a Diputado Local en el distrito VII por la coalici\u00f3n Morena-PVEM, hizo un llamado a actores pol\u00edticos de diferentes expresiones a que se sumen al movimiento que representa, pues ser\u00e1 el proyecto ganador. \n<br>\u00c1lvarez Casio detall\u00f3 que esta campa\u00f1a ha sido diferente, ya que a 29 d\u00edas de iniciada est\u00e1n dadas las condiciones para que Morena gane en Fresnillo. Agreg\u00f3 que hasta el momento ha recorrido el 70 por ciento de las colonias y comunidades que componen el distrito VII. En cada visita ha constatado el apoyo al proyecto de la 4T y el inter\u00e9s de los ciudadanos de emitir su voto a favor de Morena.\n<br>El abanderado del Movimiento de Regeneraci\u00f3n Nacional (Morena) explic\u00f3 que est\u00e1 acreditado que hay solo dos proyectos: \u201cel de nuestros opositores que representa a la corrupci\u00f3n y el retroceso y el proyecto nuestro que continuar\u00e1 con la transformaci\u00f3n\u201d. \n<br>En este sentido, hizo un llamado a l\u00edderes pol\u00edticos de diferentes partidos a que se sumen al proyecto, pues reconoce que se necesita de todos para hacer un buen gobierno. \u201cEn todos los espacios hay gente buena, trabajadora, que le interesa Fresnillo, por eso, a mitad de la campa\u00f1a, los invitamos a que vengan a la campa\u00f1a\u201d. \n<br>\n<br><\/p>\n\n\n\n<figure class=\"wp-block-image size-large\"><img loading=\"lazy\" decoding=\"async\" width=\"1024\" height=\"768\" src=\"http:\/\/web-zac.com\/wp-content\/uploads\/2024\/04\/img-20240428-wa00624071691957331751993-1024x768.jpg\" alt=\"\" class=\"wp-image-19054\" srcset=\"http:\/\/web-zac.com\/wp-content\/uploads\/2024\/04\/img-20240428-wa00624071691957331751993-1024x768.jpg 1024w, http:\/\/web-zac.com\/wp-content\/uploads\/2024\/04\/img-20240428-wa00624071691957331751993-300x225.jpg 300w, http:\/\/web-zac.com\/wp-content\/uploads\/2024\/04\/img-20240428-wa00624071691957331751993-768x576.jpg 768w, http:\/\/web-zac.com\/wp-content\/uploads\/2024\/04\/img-20240428-wa00624071691957331751993-1200x900.jpg 1200w, http:\/\/web-zac.com\/wp-content\/uploads\/2024\/04\/img-20240428-wa00624071691957331751993.jpg 1280w\" sizes=\"auto, (max-width: 1024px) 100vw, 1024px\" \/><\/figure>\n","protected":false},"excerpt":{"rendered":"<p>\u2022 \u201cNo tengo duda de que vamos a ganar\u201d asegur\u00f3 el candidato a la Legislatura Local Fresnillo, Zac.- En conferencia de prensa, Mart\u00edn \u00c1lvarez Casio, candidato a Diputado Local en el distrito VII por la coalici\u00f3n Morena-PVEM, hizo un llamado a actores pol\u00edticos de diferentes expresiones a que se sumen al movimiento que representa, pues [&hellip;]<\/p>\n","protected":false},"author":3,"featured_media":19054,"comment_status":"open","ping_status":"open","sticky":false,"template":"","format":"standard","meta":{"footnotes":""},"categories":[3],"tags":[],"class_list":["post-19055","post","type-post","status-publish","format-standard","has-post-thumbnail","hentry","category-webpolitica"],"jetpack_featured_media_url":"http:\/\/web-zac.com\/wp-content\/uploads\/2024\/04\/img-20240428-wa00624071691957331751993.jpg","_links":{"self":[{"href":"http:\/\/web-zac.com\/index.php?rest_route=\/wp\/v2\/posts\/19055","targetHints":{"allow":["GET"]}}],"collection":[{"href":"http:\/\/web-zac.com\/index.php?rest_route=\/wp\/v2\/posts"}],"about":[{"href":"http:\/\/web-zac.com\/index.php?rest_route=\/wp\/v2\/types\/post"}],"author":[{"embeddable":true,"href":"http:\/\/web-zac.com\/index.php?rest_route=\/wp\/v2\/users\/3"}],"replies":[{"embeddable":true,"href":"http:\/\/web-zac.com\/index.php?rest_route=%2Fwp%2Fv2%2Fcomments&post=19055"}],"version-history":[{"count":1,"href":"http:\/\/web-zac.com\/index.php?rest_route=\/wp\/v2\/posts\/19055\/revisions"}],"predecessor-version":[{"id":19056,"href":"http:\/\/web-zac.com\/index.php?rest_route=\/wp\/v2\/posts\/19055\/revisions\/19056"}],"wp:featuredmedia":[{"embeddable":true,"href":"http:\/\/web-zac.com\/index.php?rest_route=\/wp\/v2\/media\/19054"}],"wp:attachment":[{"href":"http:\/\/web-zac.com\/index.php?rest_route=%2Fwp%2Fv2%2Fmedia&parent=19055"}],"wp:term":[{"taxonomy":"category","embeddable":true,"href":"http:\/\/web-zac.com\/index.php?rest_route=%2Fwp%2Fv2%2Fcategories&post=19055"},{"taxonomy":"post_tag","embeddable":true,"href":"http:\/\/web-zac.com\/index.php?rest_route=%2Fwp%2Fv2%2Ftags&post=19055"}],"curies":[{"name":"wp","href":"https:\/\/api.w.org\/{rel}","templated":true}]}}