{"id":19052,"date":"2024-04-28T21:43:58","date_gmt":"2024-04-29T02:43:58","guid":{"rendered":"http:\/\/web-zac.com\/?p=19052"},"modified":"2024-04-28T21:45:31","modified_gmt":"2024-04-29T02:45:31","slug":"experimenta-zacatecas-crecimiento-en-su-tasa-de-ocupacion-laboral","status":"publish","type":"post","link":"http:\/\/web-zac.com\/?p=19052","title":{"rendered":"Experimenta Zacatecas crecimiento en su Tasa de Ocupaci\u00f3n Laboral<br>"},"content":{"rendered":"\n<p><br>\u25aa La tasa de ocupaci\u00f3n en Zacatecas aument\u00f3 2.1%, por lo que ocupa el primer lugar nacional en variaci\u00f3n positiva<br>\u25aa Zacatecas alcanz\u00f3 una tasa de ocupaci\u00f3n del 97.9% de su PEA, por arriba de la media nacional<br>\u25aa La tasa de desocupaci\u00f3n en Zacatecas descendi\u00f3 notablemente al 2.1%<br> <br>Zacatecas, Zac., 28 de abril de 2024.- El Instituto Nacional de Estad\u00edstica y Geograf\u00eda (INEGI) public\u00f3 datos alentadores sobre el mercado laboral en el estado de Zacatecas. Seg\u00fan la m\u00e1s reciente Encuesta Nacional de Ocupaci\u00f3n y Empleo (ENOE), la tasa de ocupaci\u00f3n del estado experiment\u00f3 un incremento significativo del 2.1 por ciento, en marzo de este a\u00f1o, en comparaci\u00f3n con el mismo mes del a\u00f1o anterior.<br> <br>Este aumento ha llevado a Zacatecas a alcanzar una tasa de ocupaci\u00f3n del 97.9 por ciento de su Poblaci\u00f3n Econ\u00f3micamente Activa (PEA), por lo que supera ligeramente la media nacional que se situ\u00f3 en 97.7 por ciento.<br> <br>Con estas cifras, el estado de Zacatecas se coloca en primer lugar nacional en variaci\u00f3n positiva de la tasa de ocupaci\u00f3n laboral para el periodo de referencia, y en el lugar 17 en la cifra absoluta de tasa de ocupaci\u00f3n laboral.<br> <br>A nivel nacional, la ENOE inform\u00f3 que, durante el mes de marzo, un total de 59.8 millones de personas estuvieron ocupadas, lo que representa un aumento de 800 mil personas, en comparaci\u00f3n con el mismo per\u00edodo del a\u00f1o anterior.<br> <br>En cuanto a la poblaci\u00f3n desocupada, durante el mes de referencia se registraron 1.4 millones de personas desocupadas a nivel nacional, lo que representa una disminuci\u00f3n de 50 mil personas en comparaci\u00f3n con el mismo periodo del a\u00f1o anterior.<br> <br>La tasa de desocupaci\u00f3n a nivel nacional tambi\u00e9n experiment\u00f3 una reducci\u00f3n, situ\u00e1ndose en 2.3 por ciento de la PEA, una disminuci\u00f3n de 0.1 puntos porcentuales.<br> <br>En el caso espec\u00edfico de Zacatecas, la tasa de desocupaci\u00f3n descendi\u00f3 notablemente, al pasar de 4.2 por ciento, en marzo de 2023, a 2.1 por ciento, en el mismo periodo del a\u00f1o en curso.<br> <br>Estos datos reflejan un panorama alentador para el estado de Zacatecas, que muestra un crecimiento en su tasa de ocupaci\u00f3n y una reducci\u00f3n significativa en su tasa de desocupaci\u00f3n, contribuyendo as\u00ed al fortalecimiento del mercado laboral en la regi\u00f3n.<br> <br>\u2014ooOoo\u2014<\/p>\n\n\n\n<figure class=\"wp-block-image size-large\"><img loading=\"lazy\" decoding=\"async\" width=\"524\" height=\"1024\" src=\"http:\/\/web-zac.com\/wp-content\/uploads\/2024\/04\/img-20240428-wa01112484342396818733921-524x1024.jpg\" alt=\"\" class=\"wp-image-19051\" srcset=\"http:\/\/web-zac.com\/wp-content\/uploads\/2024\/04\/img-20240428-wa01112484342396818733921-524x1024.jpg 524w, http:\/\/web-zac.com\/wp-content\/uploads\/2024\/04\/img-20240428-wa01112484342396818733921-154x300.jpg 154w, http:\/\/web-zac.com\/wp-content\/uploads\/2024\/04\/img-20240428-wa01112484342396818733921.jpg 697w\" sizes=\"auto, (max-width: 524px) 100vw, 524px\" \/><\/figure>\n","protected":false},"excerpt":{"rendered":"<p>\u25aa La tasa de ocupaci\u00f3n en Zacatecas aument\u00f3 2.1%, por lo que ocupa el primer lugar nacional en variaci\u00f3n positiva\u25aa Zacatecas alcanz\u00f3 una tasa de ocupaci\u00f3n del 97.9% de su PEA, por arriba de la media nacional\u25aa La tasa de desocupaci\u00f3n en Zacatecas descendi\u00f3 notablemente al 2.1% Zacatecas, Zac., 28 de abril de 2024.- El [&hellip;]<\/p>\n","protected":false},"author":3,"featured_media":19051,"comment_status":"open","ping_status":"open","sticky":false,"template":"","format":"standard","meta":{"footnotes":""},"categories":[3],"tags":[],"class_list":["post-19052","post","type-post","status-publish","format-standard","has-post-thumbnail","hentry","category-webpolitica"],"jetpack_featured_media_url":"http:\/\/web-zac.com\/wp-content\/uploads\/2024\/04\/img-20240428-wa01112484342396818733921.jpg","_links":{"self":[{"href":"http:\/\/web-zac.com\/index.php?rest_route=\/wp\/v2\/posts\/19052","targetHints":{"allow":["GET"]}}],"collection":[{"href":"http:\/\/web-zac.com\/index.php?rest_route=\/wp\/v2\/posts"}],"about":[{"href":"http:\/\/web-zac.com\/index.php?rest_route=\/wp\/v2\/types\/post"}],"author":[{"embeddable":true,"href":"http:\/\/web-zac.com\/index.php?rest_route=\/wp\/v2\/users\/3"}],"replies":[{"embeddable":true,"href":"http:\/\/web-zac.com\/index.php?rest_route=%2Fwp%2Fv2%2Fcomments&post=19052"}],"version-history":[{"count":1,"href":"http:\/\/web-zac.com\/index.php?rest_route=\/wp\/v2\/posts\/19052\/revisions"}],"predecessor-version":[{"id":19053,"href":"http:\/\/web-zac.com\/index.php?rest_route=\/wp\/v2\/posts\/19052\/revisions\/19053"}],"wp:featuredmedia":[{"embeddable":true,"href":"http:\/\/web-zac.com\/index.php?rest_route=\/wp\/v2\/media\/19051"}],"wp:attachment":[{"href":"http:\/\/web-zac.com\/index.php?rest_route=%2Fwp%2Fv2%2Fmedia&parent=19052"}],"wp:term":[{"taxonomy":"category","embeddable":true,"href":"http:\/\/web-zac.com\/index.php?rest_route=%2Fwp%2Fv2%2Fcategories&post=19052"},{"taxonomy":"post_tag","embeddable":true,"href":"http:\/\/web-zac.com\/index.php?rest_route=%2Fwp%2Fv2%2Ftags&post=19052"}],"curies":[{"name":"wp","href":"https:\/\/api.w.org\/{rel}","templated":true}]}}