{"id":19043,"date":"2024-04-28T21:32:07","date_gmt":"2024-04-29T02:32:07","guid":{"rendered":"http:\/\/web-zac.com\/?p=19043"},"modified":"2024-04-28T21:32:28","modified_gmt":"2024-04-29T02:32:28","slug":"hoy-ricardo-monrealcontinua-en-la-gira-con-su-hermanosaul-monreal-avila","status":"publish","type":"post","link":"http:\/\/web-zac.com\/?p=19043","title":{"rendered":"HOY, RICARDO MONREAL\n<br>CONTIN\u00daA EN LA GIRA CON SU HERMANO,\n<br>SA\u00daL MONREAL \u00c1VILA\n<br>"},"content":{"rendered":"\n<figure class=\"wp-block-image size-large\"><img loading=\"lazy\" decoding=\"async\" width=\"1024\" height=\"666\" src=\"http:\/\/web-zac.com\/wp-content\/uploads\/2024\/04\/img-20240428-wa01342268327221168712845-1024x666.jpg\" alt=\"\" class=\"wp-image-19042\" srcset=\"http:\/\/web-zac.com\/wp-content\/uploads\/2024\/04\/img-20240428-wa01342268327221168712845-1024x666.jpg 1024w, http:\/\/web-zac.com\/wp-content\/uploads\/2024\/04\/img-20240428-wa01342268327221168712845-300x195.jpg 300w, http:\/\/web-zac.com\/wp-content\/uploads\/2024\/04\/img-20240428-wa01342268327221168712845-768x499.jpg 768w, http:\/\/web-zac.com\/wp-content\/uploads\/2024\/04\/img-20240428-wa01342268327221168712845-1536x998.jpg 1536w, http:\/\/web-zac.com\/wp-content\/uploads\/2024\/04\/img-20240428-wa01342268327221168712845-1200x780.jpg 1200w, http:\/\/web-zac.com\/wp-content\/uploads\/2024\/04\/img-20240428-wa01342268327221168712845.jpg 1600w\" sizes=\"auto, (max-width: 1024px) 100vw, 1024px\" \/><\/figure>\n\n\n\n<p>\n<br>* Sa\u00fal brind\u00f3 sus avances sobre la campa\u00f1a y con ello, \n<br>present\u00f3 a los elementos que se suman a su proyecto: \n<br>la Corriente Cr\u00edtica del PRI, a los 59 d\u00edas de haber iniciado \n<br>este recorrido rumbo a los comicios del 02 de junio.\n<br>\n<br>Ricardo Monreal \u00c1vila, esta ma\u00f1ana, acompa\u00f1\u00f3 a su hermano Sa\u00fal en la casa de campa\u00f1a, mostrando su respaldo pol\u00edtico. Brind\u00f3 su mensaje, donde explic\u00f3 que su visita, que inici\u00f3 el viernes pasado en Sombrerete, R\u00edo Grande, Fresnillo y Zacatecas, no ser\u00e1 la \u00faltima, fue para trabajar y tambi\u00e9n atender compromisos familiares como es costumbre, \u201cnos reunimos con la gente, con las y los candidatos, con los dirigentes, hay trabajo y organizaci\u00f3n; por la tarde, hice compromisos del tipo familiar, nos reunimos en familia para recordar a nuestro padre. Hemos mantenido esa tradici\u00f3n\u201d.\n<br>\n<br>Ricardo Monreal, este domingo, al medio d\u00eda, tiene una reuni\u00f3n de estructura en Guadalupe, por lo que concluyen sus trabajos en Zacatecas. M\u00e1s tarde, regresa a la Ciudad de M\u00e9xico a reunirse con el equipo de la candidata a la presidencia de la Rep\u00fablica, Claudia Sheinbaum, \u201cir\u00e9 al debate, me invit\u00f3 para estar con su equipo hoy por la noche\u201d. Agreg\u00f3 que Claudia es la virtual ganadora, es el puntero con una diferencia entre los diecisiete y veintiocho puntos. No obstante se\u00f1al\u00f3, que no debe haber confianza \u201cyo estoy seguro, como en la ocasi\u00f3n pasada, tendr\u00e1 un buen desempe\u00f1o sin caer en los triunfalismos, vamos seguir trabajando en todo el pa\u00eds, a m\u00ed me corresponden diecis\u00e9is\u201d.\n<br>\n<br>En este sentido, sobre los d\u00edas que quedan de campa\u00f1a, el senador dijo que estar\u00e1n listos porque ser\u00e1 intensa, la guerra sucia se recrudece cuando la oposici\u00f3n vea que siguen perdiendo, \u201clos ataques se prev\u00e9n y ser\u00e1n contra la puntera, estamos claros que habr\u00e1 guerra, siempre se presentan en el \u00faltimo momento. Estamos sensatos para no corresponder con la misma virulencia. Confiamos en la institucionalidad y la estabilidad, nosotros plateamos una elecci\u00f3n tranquila donde la ciudadan\u00eda asista a sus derechos y obligaciones en un ambiente de paz y cordialidad\u201d.\n<br>\n<br>\u201cEl territorio es amplio y la campa\u00f1a es corta\u201d, fue la expresi\u00f3n del senador al emitir sus consideraciones respecto al trabajo de su hermano Sa\u00fal. Con ello agreg\u00f3 que, las y los candidatos de \u201cSigamos Haciendo Historia\u201d, est\u00e1n haciendo muy bien su trabajo a nivel territorial a pesar de que algunas candidatas prefirieron ir por su cuenta. Asimismo remarc\u00f3 que es con la finalidad de cubrir todo lo posible el estado de Zacatecas.\n<br>\n<br>SE SUMA LA CORRIENTE CR\u00cdTICA \n<br>Sa\u00fal Monreal \u00c1vila, present\u00f3 al nuevo fichaje de su equipo ganador, donde se sumaron el grupo interdisciplinario de la Corriente Cr\u00edtica del PRI, \u201cson amigos que hoy se incorporan a la campa\u00f1a, bienvenidos a nuestro movimiento, nadie sobra, todos son importantes\u201d. La mesa estuvo compuesta por Octavio Carre\u00f3n Velasco, presidente; Enrique de Jes\u00fas Rom\u00e1n Mayorga, Rodolfo D\u00edaz de Le\u00f3n, Jos\u00e9 Guadalupe Mojarro S\u00e1nchez, J\u00fapiter Vizcaya Esparza y Gustavo S\u00e1nchez.\n<br>\n<br>\u201cSon m\u00e1s, pero por lo pronto presentamos a la mesa directiva que se suman y trabajar\u00e1n desde el territorio que representan, sobre todo a las actividades para cerrar fuerte, nos quedan 30 d\u00edas de trabajos intensificados\u201d, coment\u00f3 sobre el fichaje. Adem\u00e1s, con la visita de Ricardo Monreal y la gira por los municipios del norte para concluir hoy en la capital, contin\u00faan los trabajos fuertes, \u201cseguiremos invitando y que el constante trabajo que se est\u00e1 haciendo corrobore el triunfo el pr\u00f3ximo dos de junio\u201d.\n<br>\n<br>Sobre la escisi\u00f3n local entre los partidos de la coalici\u00f3n, se le pregunt\u00f3 a Sa\u00fal cu\u00e1l era su opini\u00f3n por lo que dijo ser respetuoso del proceso, ya que las determinaciones locales tomaron rumbos distintos y en cambio, en lo federal la alianza de las fuerzas de MORENA, Verde y PT, contin\u00faan fuerte y en vigor sumando al proyecto del Segundo Piso de la Cuarta Transformaci\u00f3n, \u201cen lo local cada quien contar\u00e1 sus votos, en lo federal todo sumar\u00e1 a un solo proyecto\u201d.\n<br>\n<br>RICARDO: RESPETO A LA COALICI\u00d3N \n<br>Asimismo, el senador Monreal \u00c1vila, fue claro en su postura respecto a la determinaci\u00f3n del Instituto Electoral del Estado de Zacatecas (IEEZ), \u201caunque en la coalici\u00f3n federal s\u00ed es nuestra candidata del Verde, PT Y MORENA; solo en lo local no hubo acuerdos, solo van separados, de manera personal tengo respeto por todos los partidos, soy fundador de MORENA, me hubiera gustado que fueran todos los partidos pol\u00edticos, pero bien, as\u00ed sucedi\u00f3, reitero, solo en Zacatecas ser\u00e1 as\u00ed, en lo federal vamos todos juntos\u201d.\n<br>\n<br>Para concluir con este tema, dijo que no existen problemas, pues como se coment\u00f3, se trata de decisiones separadas pero que en el fondo, existe un bien superior y com\u00fan que es que Claudia Sheinbaum logre la victoria en los pr\u00f3ximos comicios sin confiarse y sin triunfalismos, \u201cno habr\u00e1 dificultades, nosotros consideramos al PT y al Verde como aliados, todos tienen nuestro respeto y nuestra simpat\u00eda\u201d.\n<br>\n<br>LA GIRA ESPERA, APREMIA ZACATECAS \n<br>Sobre la gira a Estados Unidos que ten\u00eda planteada Sa\u00fal Monreal en los primeros d\u00edas de mayo, Ricardo sugiri\u00f3 a su hermano que se quedara en Zacatecas para cerrar fuerte en el territorio, \u201cyo le suger\u00ed a Sa\u00fal que se concentre aqu\u00ed y que la gira, que es bastante importante, la lleve a cabo en lo posterior, ahora es m\u00e1s significativo la comunicaci\u00f3n con los ejidos y l\u00edderes territoriales, a\u00fan quedan treinta y cinco d\u00edas, es otra vuelta por recorrer\u201d.\n<br>\n<br>Ricardo y Sa\u00fal, invitan a la ciudadan\u00eda a que est\u00e9n atentos al Segundo debate del candidato y las candidatas a la presidencia de M\u00e9xico, que de antemano se sabe que, sin triunfalismos, seguiremos haciendo histori\n<br><\/p>\n","protected":false},"excerpt":{"rendered":"<p>* Sa\u00fal brind\u00f3 sus avances sobre la campa\u00f1a y con ello, present\u00f3 a los elementos que se suman a su proyecto: la Corriente Cr\u00edtica del PRI, a los 59 d\u00edas de haber iniciado este recorrido rumbo a los comicios del 02 de junio. Ricardo Monreal \u00c1vila, esta ma\u00f1ana, acompa\u00f1\u00f3 a su hermano Sa\u00fal en la [&hellip;]<\/p>\n","protected":false},"author":3,"featured_media":19042,"comment_status":"open","ping_status":"open","sticky":false,"template":"","format":"standard","meta":{"footnotes":""},"categories":[3],"tags":[],"class_list":["post-19043","post","type-post","status-publish","format-standard","has-post-thumbnail","hentry","category-webpolitica"],"jetpack_featured_media_url":"http:\/\/web-zac.com\/wp-content\/uploads\/2024\/04\/img-20240428-wa01342268327221168712845.jpg","_links":{"self":[{"href":"http:\/\/web-zac.com\/index.php?rest_route=\/wp\/v2\/posts\/19043","targetHints":{"allow":["GET"]}}],"collection":[{"href":"http:\/\/web-zac.com\/index.php?rest_route=\/wp\/v2\/posts"}],"about":[{"href":"http:\/\/web-zac.com\/index.php?rest_route=\/wp\/v2\/types\/post"}],"author":[{"embeddable":true,"href":"http:\/\/web-zac.com\/index.php?rest_route=\/wp\/v2\/users\/3"}],"replies":[{"embeddable":true,"href":"http:\/\/web-zac.com\/index.php?rest_route=%2Fwp%2Fv2%2Fcomments&post=19043"}],"version-history":[{"count":1,"href":"http:\/\/web-zac.com\/index.php?rest_route=\/wp\/v2\/posts\/19043\/revisions"}],"predecessor-version":[{"id":19044,"href":"http:\/\/web-zac.com\/index.php?rest_route=\/wp\/v2\/posts\/19043\/revisions\/19044"}],"wp:featuredmedia":[{"embeddable":true,"href":"http:\/\/web-zac.com\/index.php?rest_route=\/wp\/v2\/media\/19042"}],"wp:attachment":[{"href":"http:\/\/web-zac.com\/index.php?rest_route=%2Fwp%2Fv2%2Fmedia&parent=19043"}],"wp:term":[{"taxonomy":"category","embeddable":true,"href":"http:\/\/web-zac.com\/index.php?rest_route=%2Fwp%2Fv2%2Fcategories&post=19043"},{"taxonomy":"post_tag","embeddable":true,"href":"http:\/\/web-zac.com\/index.php?rest_route=%2Fwp%2Fv2%2Ftags&post=19043"}],"curies":[{"name":"wp","href":"https:\/\/api.w.org\/{rel}","templated":true}]}}