{"id":19037,"date":"2024-04-28T13:51:37","date_gmt":"2024-04-28T18:51:37","guid":{"rendered":"http:\/\/web-zac.com\/?p=19037"},"modified":"2024-04-28T13:51:57","modified_gmt":"2024-04-28T18:51:57","slug":"espectaculos-para-infancias-contribuyen-a-la-reconstruccion-del-tejido-social-padres-de-familia","status":"publish","type":"post","link":"http:\/\/web-zac.com\/?p=19037","title":{"rendered":"Espect\u00e1culos para infancias contribuyen a la reconstrucci\u00f3n del tejido social: padres de familia"},"content":{"rendered":"\n<p><br> <br>\u25aa Con motivo de los festejos del D\u00eda de la Ni\u00f1a y el Ni\u00f1o, mam\u00e1s y pap\u00e1s zacatecanos coinciden que estas celebraciones permiten la recreaci\u00f3n y la convivencia familiar<br>\u25aa Ni\u00f1as y ni\u00f1os disfrutaron del Show de Bely y Beto; el domingo se presenta el espect\u00e1culo Mimotrips en el Palenque de la Feria<br> <br> <br>Zacatecas, Zac., 27 de abril de 2024.- En el marco de los festejos del D\u00eda de la Ni\u00f1a y el Ni\u00f1o, padres y madres zacatecanos coincidieron en que las celebraciones y espect\u00e1culos organizados para ellos , contribuyen a la reconstrucci\u00f3n del tejido social pues alientan la sana recreaci\u00f3n y la convivencia familiar.<br> <br>Esto luego del show de Bely y Beto, como parte del Festival Ni\u00f1as y Ni\u00f1os por la Paz, en el cual peque\u00f1itas y peque\u00f1ines de la entidad abarrotaron las instalaciones de la Feria Nacional de Zacatecas (Fenaza) para disfrutar el espect\u00e1culo de sus personajes favoritos.<br> <br>Organizado por el Gobierno del Estado, a trav\u00e9s del Sistema Estatal para el Desarrollo Integral de la Familia (SEDIF), este espect\u00e1culo reuni\u00f3 a miles de familias, desde ni\u00f1as, ni\u00f1os, adolescentes, j\u00f3venes, adultos hasta \u201cabuelitas\u201d y \u201cabuelitos\u201d, quienes convergieron en uno de los espacios m\u00e1s representativos para la fiesta y la convivencia que hay en la capital.<br> <br>Martha Leticia V\u00e1zquez acudi\u00f3 con su esposo, su sobrina y su amiguita al domo de la Fenaza para disfrutar este hermoso espect\u00e1culo, y coment\u00f3 que es una excelente forma de pensar en las y los ni\u00f1os que no tienen la solvencia econ\u00f3mica para pagar por un evento de este tipo.<br> <br>As\u00ed tambi\u00e9n, con una gran emoci\u00f3n en su rostro, Blanca Azucena llev\u00f3 a sus dos ni\u00f1os de 4 y 5 a\u00f1os de edad, y Ana Mar\u00eda, de Hacienda Nueva, Morelos, acudi\u00f3 con su ni\u00f1a, para cantar y bailar las cumbias del Vampiro y de Pepo.<br> <br>Para estas personas, este tipo de espect\u00e1culos ayudan a las ni\u00f1as y los ni\u00f1os a que se diviertan, se distraigan del d\u00eda a d\u00eda, que convivan e interact\u00faen con m\u00e1s peque\u00f1ines y, como dijo, Carlos Campos, se abona a crear ambientes sanos a favor de las reinas y los reyes del hogar.<br> <br>Acompa\u00f1ada por su hija, Cecilia Hinojosa acudi\u00f3 a este espect\u00e1culo para cantar y bailar todas las canciones de Bely y Beto, y, al igual que Mar\u00eda Torres, junto a su hija Estefany, expuso que estos eventos ayudan a la regeneraci\u00f3n del tejido social, sobre todo en este 2024 que es el A\u00f1o de la Paz en Zacatecas.<br> <br>Este show tambi\u00e9n fue disfrutado por Gabriela Zapata y su peque\u00f1ita; por Patricia Dom\u00ednguez y su nieto Pablo Omar; por Eduardo Salas, su esposa y sus dos ni\u00f1as; por Lizbeth y sus tres hijos, quienes se colocaron en la parte de enfrente para bailar de principio a fin todas las canciones de Bely y Beto.<br> <br>Mientras en el fondo del lugar sonaban \u201cEl Baile de Pepo\u201d, \u201cLa Pepo Cumbia\u201d, \u201cVampiro Chimuelo\u201d, \u201cEs una bruja\u201d, \u201cEl Ba\u00f1o\u201d, \u201cLas tumbas\u201d, \u201cCabecita de mel\u00f3n\u201d, \u201cYujujui\u201d y muchas m\u00e1s, todos, en su conjunto, agradecieron por pensar en las ni\u00f1as y los ni\u00f1os, cuyos rostros se llenaron de brillo y sonrisas por ver en vivo a sus personajes favoritos.<br> <br>Para este domingo 28 de abril, a las 16:00 horas, los festejos para la ni\u00f1ez zacatecana continuar\u00e1n en el Palenque de la Feria con el espect\u00e1culo de Mimotrips. La entrada ser\u00e1 gratuita y no se requiere boleto.<br>\u2014ooOoo\u2014<\/p>\n\n\n\n<figure class=\"wp-block-image size-large\"><img loading=\"lazy\" decoding=\"async\" width=\"1024\" height=\"576\" src=\"http:\/\/web-zac.com\/wp-content\/uploads\/2024\/04\/img-20240427-wa01504765589229696298800-1024x576.jpg\" alt=\"\" class=\"wp-image-19036\" srcset=\"http:\/\/web-zac.com\/wp-content\/uploads\/2024\/04\/img-20240427-wa01504765589229696298800-1024x576.jpg 1024w, http:\/\/web-zac.com\/wp-content\/uploads\/2024\/04\/img-20240427-wa01504765589229696298800-300x169.jpg 300w, http:\/\/web-zac.com\/wp-content\/uploads\/2024\/04\/img-20240427-wa01504765589229696298800-768x432.jpg 768w, http:\/\/web-zac.com\/wp-content\/uploads\/2024\/04\/img-20240427-wa01504765589229696298800.jpg 1080w\" sizes=\"auto, (max-width: 1024px) 100vw, 1024px\" \/><\/figure>\n","protected":false},"excerpt":{"rendered":"<p>\u25aa Con motivo de los festejos del D\u00eda de la Ni\u00f1a y el Ni\u00f1o, mam\u00e1s y pap\u00e1s zacatecanos coinciden que estas celebraciones permiten la recreaci\u00f3n y la convivencia familiar\u25aa Ni\u00f1as y ni\u00f1os disfrutaron del Show de Bely y Beto; el domingo se presenta el espect\u00e1culo Mimotrips en el Palenque de la Feria Zacatecas, Zac., 27 [&hellip;]<\/p>\n","protected":false},"author":3,"featured_media":19036,"comment_status":"open","ping_status":"open","sticky":false,"template":"","format":"standard","meta":{"footnotes":""},"categories":[7,4,22],"tags":[],"class_list":["post-19037","post","type-post","status-publish","format-standard","has-post-thumbnail","hentry","category-webentretenimiento","category-webgobierno","category-gobierno"],"jetpack_featured_media_url":"http:\/\/web-zac.com\/wp-content\/uploads\/2024\/04\/img-20240427-wa01504765589229696298800.jpg","_links":{"self":[{"href":"http:\/\/web-zac.com\/index.php?rest_route=\/wp\/v2\/posts\/19037","targetHints":{"allow":["GET"]}}],"collection":[{"href":"http:\/\/web-zac.com\/index.php?rest_route=\/wp\/v2\/posts"}],"about":[{"href":"http:\/\/web-zac.com\/index.php?rest_route=\/wp\/v2\/types\/post"}],"author":[{"embeddable":true,"href":"http:\/\/web-zac.com\/index.php?rest_route=\/wp\/v2\/users\/3"}],"replies":[{"embeddable":true,"href":"http:\/\/web-zac.com\/index.php?rest_route=%2Fwp%2Fv2%2Fcomments&post=19037"}],"version-history":[{"count":1,"href":"http:\/\/web-zac.com\/index.php?rest_route=\/wp\/v2\/posts\/19037\/revisions"}],"predecessor-version":[{"id":19038,"href":"http:\/\/web-zac.com\/index.php?rest_route=\/wp\/v2\/posts\/19037\/revisions\/19038"}],"wp:featuredmedia":[{"embeddable":true,"href":"http:\/\/web-zac.com\/index.php?rest_route=\/wp\/v2\/media\/19036"}],"wp:attachment":[{"href":"http:\/\/web-zac.com\/index.php?rest_route=%2Fwp%2Fv2%2Fmedia&parent=19037"}],"wp:term":[{"taxonomy":"category","embeddable":true,"href":"http:\/\/web-zac.com\/index.php?rest_route=%2Fwp%2Fv2%2Fcategories&post=19037"},{"taxonomy":"post_tag","embeddable":true,"href":"http:\/\/web-zac.com\/index.php?rest_route=%2Fwp%2Fv2%2Ftags&post=19037"}],"curies":[{"name":"wp","href":"https:\/\/api.w.org\/{rel}","templated":true}]}}