{"id":19025,"date":"2024-04-27T14:35:25","date_gmt":"2024-04-27T19:35:25","guid":{"rendered":"http:\/\/web-zac.com\/?p=19025"},"modified":"2024-04-27T14:35:35","modified_gmt":"2024-04-27T19:35:35","slug":"santos-representa-la-nueva-cara-de-la-politica-en-zacatecas-ricardo-monreal-avila","status":"publish","type":"post","link":"http:\/\/web-zac.com\/?p=19025","title":{"rendered":"\u00abSantos representa la nueva cara de la pol\u00edtica en Zacatecas \u00ab, Ricardo Monreal \u00c1vila."},"content":{"rendered":"\n<p><br>Arropado por vecinas y vecinos de Zacatecas. Quienes entre abrazos y aplausos recordaban la lucha del 98, Ricardo Monreal dio un mensaje de unidad y respaldo a las y los candidatos de Morena <br>destacando la gesti\u00f3n de Jorge Miranda, y enfatiz\u00f3 la importancia de apoyar a Ruth Calder\u00f3n y Santos Gonz\u00e1lez para el Congreso Local.<br>El Dr. Ricardo Monreal \u00c1vila hizo referencia a Santos: \u00abT\u00e9nganle confianza, pues no les va a fallar, y seguramente, estos a quienes hoy les entregamos la batuta, con pasi\u00f3n, inteligencia y trabajo arduo, nos habr\u00e1n de rebasar por la izquierda y har\u00e1n las cosas mucho mejor que nosotros\u00bb. Pues son j\u00f3venes con amor por la gente, listos para sacar adelante a Zacatecas.<br>Por su parte Santos Gonz\u00e1lez manifest\u00f3: \u201cEl d\u00eda de hoy nos acompa\u00f1an mujeres y hombres que lucharon en el 98, pero tambi\u00e9n estamos aqu\u00ed hijos e hijas de esa lucha. Estamos en unidad en torno a la Dra. Claudia Sheinbaum y la continuidad de la 4ta transformaci\u00f3n. <br>Somos la generaci\u00f3n del relevo. En nosotros est\u00e1 depositada la fe de nuestras abuelas, abuelos y padres. Tenemos la responsabilidad moral y \u00e9tica por innovar y tener un Zacatecas con bienestar. Y no les podemos fallar.<br>Las juventudes vamos a asumir con responsabilidad y pasi\u00f3n la lucha por la transformaci\u00f3n.<\/p>\n\n\n\n<figure class=\"wp-block-image size-large\"><img loading=\"lazy\" decoding=\"async\" width=\"1024\" height=\"681\" src=\"http:\/\/web-zac.com\/wp-content\/uploads\/2024\/04\/img-20240427-wa00715555752535130094063-1024x681.jpg\" alt=\"\" class=\"wp-image-19024\" srcset=\"http:\/\/web-zac.com\/wp-content\/uploads\/2024\/04\/img-20240427-wa00715555752535130094063-1024x681.jpg 1024w, http:\/\/web-zac.com\/wp-content\/uploads\/2024\/04\/img-20240427-wa00715555752535130094063-300x200.jpg 300w, http:\/\/web-zac.com\/wp-content\/uploads\/2024\/04\/img-20240427-wa00715555752535130094063-768x511.jpg 768w, http:\/\/web-zac.com\/wp-content\/uploads\/2024\/04\/img-20240427-wa00715555752535130094063-1536x1021.jpg 1536w, http:\/\/web-zac.com\/wp-content\/uploads\/2024\/04\/img-20240427-wa00715555752535130094063-1200x798.jpg 1200w, http:\/\/web-zac.com\/wp-content\/uploads\/2024\/04\/img-20240427-wa00715555752535130094063.jpg 1600w\" sizes=\"auto, (max-width: 1024px) 100vw, 1024px\" \/><\/figure>\n","protected":false},"excerpt":{"rendered":"<p>Arropado por vecinas y vecinos de Zacatecas. Quienes entre abrazos y aplausos recordaban la lucha del 98, Ricardo Monreal dio un mensaje de unidad y respaldo a las y los candidatos de Morena destacando la gesti\u00f3n de Jorge Miranda, y enfatiz\u00f3 la importancia de apoyar a Ruth Calder\u00f3n y Santos Gonz\u00e1lez para el Congreso Local.El [&hellip;]<\/p>\n","protected":false},"author":3,"featured_media":19024,"comment_status":"open","ping_status":"open","sticky":false,"template":"","format":"standard","meta":{"footnotes":""},"categories":[3],"tags":[],"class_list":["post-19025","post","type-post","status-publish","format-standard","has-post-thumbnail","hentry","category-webpolitica"],"jetpack_featured_media_url":"http:\/\/web-zac.com\/wp-content\/uploads\/2024\/04\/img-20240427-wa00715555752535130094063.jpg","_links":{"self":[{"href":"http:\/\/web-zac.com\/index.php?rest_route=\/wp\/v2\/posts\/19025","targetHints":{"allow":["GET"]}}],"collection":[{"href":"http:\/\/web-zac.com\/index.php?rest_route=\/wp\/v2\/posts"}],"about":[{"href":"http:\/\/web-zac.com\/index.php?rest_route=\/wp\/v2\/types\/post"}],"author":[{"embeddable":true,"href":"http:\/\/web-zac.com\/index.php?rest_route=\/wp\/v2\/users\/3"}],"replies":[{"embeddable":true,"href":"http:\/\/web-zac.com\/index.php?rest_route=%2Fwp%2Fv2%2Fcomments&post=19025"}],"version-history":[{"count":1,"href":"http:\/\/web-zac.com\/index.php?rest_route=\/wp\/v2\/posts\/19025\/revisions"}],"predecessor-version":[{"id":19026,"href":"http:\/\/web-zac.com\/index.php?rest_route=\/wp\/v2\/posts\/19025\/revisions\/19026"}],"wp:featuredmedia":[{"embeddable":true,"href":"http:\/\/web-zac.com\/index.php?rest_route=\/wp\/v2\/media\/19024"}],"wp:attachment":[{"href":"http:\/\/web-zac.com\/index.php?rest_route=%2Fwp%2Fv2%2Fmedia&parent=19025"}],"wp:term":[{"taxonomy":"category","embeddable":true,"href":"http:\/\/web-zac.com\/index.php?rest_route=%2Fwp%2Fv2%2Fcategories&post=19025"},{"taxonomy":"post_tag","embeddable":true,"href":"http:\/\/web-zac.com\/index.php?rest_route=%2Fwp%2Fv2%2Ftags&post=19025"}],"curies":[{"name":"wp","href":"https:\/\/api.w.org\/{rel}","templated":true}]}}