{"id":19022,"date":"2024-04-27T14:30:28","date_gmt":"2024-04-27T19:30:28","guid":{"rendered":"http:\/\/web-zac.com\/?p=19022"},"modified":"2024-04-27T14:30:36","modified_gmt":"2024-04-27T19:30:36","slug":"ricardo-monreal-respalda-a-bennelly-hernandez-para-ser-la-primera-presidenta-fresnillense-por-eleccion","status":"publish","type":"post","link":"http:\/\/web-zac.com\/?p=19022","title":{"rendered":"Ricardo Monreal respalda a Bennelly Hern\u00e1ndez, para ser la primera presidenta fresnillense por elecci\u00f3n."},"content":{"rendered":"\n<p>\n<br>\n<br>&#8211;\t\u201cLes va poner la muestra a los hombres que han gobernado\u201d; RMA.\n<br>\n<br>Fresnillo, Zac. \u2013 Bennelly Hern\u00e1ndez Ruedas, candidata a presidenta municipal por Fresnillo, recibi\u00f3 al senador Ricardo Monreal \u00c1vila, en un mitin por la comunidad de Plateros; lugar donde Monreal \u00c1vila refrend\u00f3 su respaldo, para tener la primera mujer presidenta de El Mineral.\n<br>Al enfatizar que la candidata por la coalici\u00f3n Morena-PVEM, es una \u201cmaestra digna, honesta y leal\u201d; el senador Ricardo Monreal pidi\u00f3 a las y los fresnillenses dar su voto de confianza a Hern\u00e1ndez Ruedas, para tomar la batuta y seguir con la transformaci\u00f3n en el municipio.\n<br>\u201cQuiero pedirles a todas y a todos, porque la conozco, conf\u00eden en Bennelly; ella tiene trabajando conmigo m\u00e1s de 14 a\u00f1os, desde muy jovencita; un tiempo se fue a M\u00e9xico para prepararse, trabaj\u00f3 como mi asesora en la C\u00e1mara de Diputados y en el Senado; sabe lo que se puede hacer y sabe como conseguir recursos; conf\u00eden en ella\u201d, reiter\u00f3.\n<br>Destac\u00f3 que Hern\u00e1ndez Ruedas es una mujer preparada y de convicci\u00f3n, que se convertir\u00e1 en un referente para todas las mujeres; al igual que la candidata a la presidencia nacional, la Dra. Claudia Sheinbaum Pardo, ya que, \u201cser\u00e1 la primera mujer electa popularmente como presidenta municipal y; que me perdone Saul, pero les va poner la muestra a los hombres que han gobernado\u201d.\n<br>Por su parte, Bennelly Hern\u00e1ndez, expres\u00f3 ser un honor recibir a uno de los mejores pol\u00edticos que ha tenido M\u00e9xico y, adem\u00e1s, \u201cque sea fresnillense, mi maestro el Dr. Ricardo Monreal\u201d.\n<br>Reafirm\u00f3 que, en Fresnillo, la gente esta convencida en dar continuidad a la transformaci\u00f3n que comenz\u00f3 el movimiento de Morena en el pa\u00eds; adem\u00e1s de respaldar el equipo que han consolidado los candidatos en unidad; \u201ccomo nos ha ense\u00f1ado nuestro presidente, por las causas m\u00e1s nobles\u201d.\n<br>En este sentido, Hern\u00e1ndez Ruedas, pidi\u00f3 al senador fresnillense llevar un mensaje especial a la pr\u00f3xima presidenta de la rep\u00fablica; \u201cpor favor d\u00edgale a la Dra. Claudia Sheinbaum que en Fresnillo se van a ganar las cinco boletas, \u00a1puro morena!\u201d.\n<br>\u201cHemos hecho un compromiso con la gente y no les vamos a fallar; [\u2026] desde el municipio nos vamos apegar a los principios de nuestro partido\u201d, asegur\u00f3.\n<br>\n<br>\n<br><\/p>\n\n\n\n<figure class=\"wp-block-image size-large\"><img loading=\"lazy\" decoding=\"async\" width=\"1024\" height=\"768\" src=\"http:\/\/web-zac.com\/wp-content\/uploads\/2024\/04\/img-20240426-wa02722076150300525478571-1024x768.jpg\" alt=\"\" class=\"wp-image-19021\" srcset=\"http:\/\/web-zac.com\/wp-content\/uploads\/2024\/04\/img-20240426-wa02722076150300525478571-1024x768.jpg 1024w, http:\/\/web-zac.com\/wp-content\/uploads\/2024\/04\/img-20240426-wa02722076150300525478571-300x225.jpg 300w, http:\/\/web-zac.com\/wp-content\/uploads\/2024\/04\/img-20240426-wa02722076150300525478571-768x576.jpg 768w, http:\/\/web-zac.com\/wp-content\/uploads\/2024\/04\/img-20240426-wa02722076150300525478571-1536x1152.jpg 1536w, http:\/\/web-zac.com\/wp-content\/uploads\/2024\/04\/img-20240426-wa02722076150300525478571-1200x900.jpg 1200w, http:\/\/web-zac.com\/wp-content\/uploads\/2024\/04\/img-20240426-wa02722076150300525478571.jpg 1600w\" sizes=\"auto, (max-width: 1024px) 100vw, 1024px\" \/><\/figure>\n","protected":false},"excerpt":{"rendered":"<p>&#8211; \u201cLes va poner la muestra a los hombres que han gobernado\u201d; RMA. Fresnillo, Zac. \u2013 Bennelly Hern\u00e1ndez Ruedas, candidata a presidenta municipal por Fresnillo, recibi\u00f3 al senador Ricardo Monreal \u00c1vila, en un mitin por la comunidad de Plateros; lugar donde Monreal \u00c1vila refrend\u00f3 su respaldo, para tener la primera mujer presidenta de El Mineral. [&hellip;]<\/p>\n","protected":false},"author":3,"featured_media":19021,"comment_status":"open","ping_status":"open","sticky":false,"template":"","format":"standard","meta":{"footnotes":""},"categories":[3],"tags":[],"class_list":["post-19022","post","type-post","status-publish","format-standard","has-post-thumbnail","hentry","category-webpolitica"],"jetpack_featured_media_url":"http:\/\/web-zac.com\/wp-content\/uploads\/2024\/04\/img-20240426-wa02722076150300525478571.jpg","_links":{"self":[{"href":"http:\/\/web-zac.com\/index.php?rest_route=\/wp\/v2\/posts\/19022","targetHints":{"allow":["GET"]}}],"collection":[{"href":"http:\/\/web-zac.com\/index.php?rest_route=\/wp\/v2\/posts"}],"about":[{"href":"http:\/\/web-zac.com\/index.php?rest_route=\/wp\/v2\/types\/post"}],"author":[{"embeddable":true,"href":"http:\/\/web-zac.com\/index.php?rest_route=\/wp\/v2\/users\/3"}],"replies":[{"embeddable":true,"href":"http:\/\/web-zac.com\/index.php?rest_route=%2Fwp%2Fv2%2Fcomments&post=19022"}],"version-history":[{"count":1,"href":"http:\/\/web-zac.com\/index.php?rest_route=\/wp\/v2\/posts\/19022\/revisions"}],"predecessor-version":[{"id":19023,"href":"http:\/\/web-zac.com\/index.php?rest_route=\/wp\/v2\/posts\/19022\/revisions\/19023"}],"wp:featuredmedia":[{"embeddable":true,"href":"http:\/\/web-zac.com\/index.php?rest_route=\/wp\/v2\/media\/19021"}],"wp:attachment":[{"href":"http:\/\/web-zac.com\/index.php?rest_route=%2Fwp%2Fv2%2Fmedia&parent=19022"}],"wp:term":[{"taxonomy":"category","embeddable":true,"href":"http:\/\/web-zac.com\/index.php?rest_route=%2Fwp%2Fv2%2Fcategories&post=19022"},{"taxonomy":"post_tag","embeddable":true,"href":"http:\/\/web-zac.com\/index.php?rest_route=%2Fwp%2Fv2%2Ftags&post=19022"}],"curies":[{"name":"wp","href":"https:\/\/api.w.org\/{rel}","templated":true}]}}