{"id":19016,"date":"2024-04-26T20:59:51","date_gmt":"2024-04-27T01:59:51","guid":{"rendered":"http:\/\/web-zac.com\/?p=19016"},"modified":"2024-04-26T21:00:04","modified_gmt":"2024-04-27T02:00:04","slug":"reafirma-vero-diaz-que-desde-el-senado-defendera-los-intereses-de-zacatecas","status":"publish","type":"post","link":"http:\/\/web-zac.com\/?p=19016","title":{"rendered":"Reafirma Vero D\u00edaz que desde el Senado defender\u00e1 los intereses de Zacatecas"},"content":{"rendered":"\n<figure class=\"wp-block-image size-large\"><img loading=\"lazy\" decoding=\"async\" width=\"1024\" height=\"682\" src=\"http:\/\/web-zac.com\/wp-content\/uploads\/2024\/04\/img-20240426-wa01947039317648153679068-1024x682.jpg\" alt=\"\" class=\"wp-image-19015\" srcset=\"http:\/\/web-zac.com\/wp-content\/uploads\/2024\/04\/img-20240426-wa01947039317648153679068-1024x682.jpg 1024w, http:\/\/web-zac.com\/wp-content\/uploads\/2024\/04\/img-20240426-wa01947039317648153679068-300x200.jpg 300w, http:\/\/web-zac.com\/wp-content\/uploads\/2024\/04\/img-20240426-wa01947039317648153679068-768x512.jpg 768w, http:\/\/web-zac.com\/wp-content\/uploads\/2024\/04\/img-20240426-wa01947039317648153679068-1200x800.jpg 1200w, http:\/\/web-zac.com\/wp-content\/uploads\/2024\/04\/img-20240426-wa01947039317648153679068.jpg 1280w\" sizes=\"auto, (max-width: 1024px) 100vw, 1024px\" \/><\/figure>\n\n\n\n<p>Nuestra pr\u00f3xima Presidenta de la Rep\u00fablica, Claudia Sheinbaum, necesita Senadoras y Senadores, Diputadas y Diputados federales para impulsar las reformas y dar bienestar al pa\u00eds y a Zacatecas, y \u201cVero D\u00edaz ser\u00e1 una Senadora que va a votar a favor de los intereses del pueblo\u201d.<\/p>\n\n\n\n<p>La aspirante a la Senadur\u00eda por el estado de Zacatecas tuvo una exitosa gira por el sur de Zacatecas, donde dio a conocer su propuesta a los habitantes de los municipios de Apozol, Moyahua, Jalpa, Juchipila, y este viernes cerr\u00f3 rodeada del inter\u00e9s y el cari\u00f1o de la gente en Nochistl\u00e1n y Apulco.<\/p>\n\n\n\n<p>En Nochistl\u00e1n, la candidata al Senado de la Rep\u00fablica sostuvo una reuni\u00f3n con m\u00e1s de 600 mujeres de la regi\u00f3n, ante quienes refrend\u00f3 su compromiso con la transformaci\u00f3n.<\/p>\n\n\n\n<p>\u201cEs tiempo de las mujeres, una mujer ser\u00e1 nuestra Presidenta de la Rep\u00fablica, Claudia Sheinbaum, y una mujer tambi\u00e9n defender\u00e1 los intereses de Zacatecas desde el Senado de la Rep\u00fablica, Vero D\u00edaz\u201d.<\/p>\n\n\n\n<p>La candidata al Senado estuvo tambi\u00e9n en el municipio de Apulco, donde se comprometi\u00f3 firmemente a votar y legislar en consonancia con los intereses del pueblo mexicano.<\/p>\n\n\n\n<p>Vero D\u00edaz reafirm\u00f3 el compromiso de su partido con la Cuarta Transformaci\u00f3n de M\u00e9xico, una visi\u00f3n pol\u00edtica iniciada por el actual Presidente, Andr\u00e9s Manuel L\u00f3pez Obrador, y que construir\u00e1 su segundo piso con Claudia Sheinbaum como Presidenta de la Rep\u00fablica, porque el pr\u00f3ximo 2 de julio el pueblo de M\u00e9xico se volcar\u00e1 a las urnas a apoyar a los candidatos de Morena, quienes representan estar del lado de las causas del pueblo.<\/p>\n\n\n\n<p>Vero D\u00edaz fue acompa\u00f1ada por la candidata a Diputada local, Maribel Villalpando, y por Manuel Jim\u00e9nez, quien contiende por la Presidencia Municipal de Nochistl\u00e1n, que reiteraron su compromiso con el bienestar de Zacatecas y el pa\u00eds, porque Morena es la \u00fanica garant\u00eda de continuidad para los programas sociales del bienestar y transformaci\u00f3n social.<\/p>\n\n\n\n<p>La candidata al Senado de la Rep\u00fablica, acompa\u00f1ada por las brigadas de la esperanza en sus encuentros con la ciudadan\u00eda, explic\u00f3 la importancia que tendr\u00e1n las pr\u00f3ximas elecciones del 2 de junio, ya que cada voto por Morena es un voto por la estabilidad y continuidad de las pol\u00edticas p\u00fablicas en favor de quienes m\u00e1s lo necesitan, los estudiantes, las personas de la tercera edad, discapacitadas y campesinos.<\/p>\n\n\n\n<p>\u201cSomos parte de este cambio hist\u00f3rico\u201d y seguiremos el trabajo por la gente, por un mejor Zacatecas y un mejor pa\u00eds.<\/p>\n","protected":false},"excerpt":{"rendered":"<p>Nuestra pr\u00f3xima Presidenta de la Rep\u00fablica, Claudia Sheinbaum, necesita Senadoras y Senadores, Diputadas y Diputados federales para impulsar las reformas y dar bienestar al pa\u00eds y a Zacatecas, y \u201cVero D\u00edaz ser\u00e1 una Senadora que va a votar a favor de los intereses del pueblo\u201d. La aspirante a la Senadur\u00eda por el estado de Zacatecas [&hellip;]<\/p>\n","protected":false},"author":3,"featured_media":19015,"comment_status":"open","ping_status":"open","sticky":false,"template":"","format":"standard","meta":{"footnotes":""},"categories":[3],"tags":[],"class_list":["post-19016","post","type-post","status-publish","format-standard","has-post-thumbnail","hentry","category-webpolitica"],"jetpack_featured_media_url":"http:\/\/web-zac.com\/wp-content\/uploads\/2024\/04\/img-20240426-wa01947039317648153679068.jpg","_links":{"self":[{"href":"http:\/\/web-zac.com\/index.php?rest_route=\/wp\/v2\/posts\/19016","targetHints":{"allow":["GET"]}}],"collection":[{"href":"http:\/\/web-zac.com\/index.php?rest_route=\/wp\/v2\/posts"}],"about":[{"href":"http:\/\/web-zac.com\/index.php?rest_route=\/wp\/v2\/types\/post"}],"author":[{"embeddable":true,"href":"http:\/\/web-zac.com\/index.php?rest_route=\/wp\/v2\/users\/3"}],"replies":[{"embeddable":true,"href":"http:\/\/web-zac.com\/index.php?rest_route=%2Fwp%2Fv2%2Fcomments&post=19016"}],"version-history":[{"count":1,"href":"http:\/\/web-zac.com\/index.php?rest_route=\/wp\/v2\/posts\/19016\/revisions"}],"predecessor-version":[{"id":19017,"href":"http:\/\/web-zac.com\/index.php?rest_route=\/wp\/v2\/posts\/19016\/revisions\/19017"}],"wp:featuredmedia":[{"embeddable":true,"href":"http:\/\/web-zac.com\/index.php?rest_route=\/wp\/v2\/media\/19015"}],"wp:attachment":[{"href":"http:\/\/web-zac.com\/index.php?rest_route=%2Fwp%2Fv2%2Fmedia&parent=19016"}],"wp:term":[{"taxonomy":"category","embeddable":true,"href":"http:\/\/web-zac.com\/index.php?rest_route=%2Fwp%2Fv2%2Fcategories&post=19016"},{"taxonomy":"post_tag","embeddable":true,"href":"http:\/\/web-zac.com\/index.php?rest_route=%2Fwp%2Fv2%2Ftags&post=19016"}],"curies":[{"name":"wp","href":"https:\/\/api.w.org\/{rel}","templated":true}]}}