{"id":18991,"date":"2024-04-26T14:25:36","date_gmt":"2024-04-26T19:25:36","guid":{"rendered":"http:\/\/web-zac.com\/?p=18991"},"modified":"2024-04-26T14:25:46","modified_gmt":"2024-04-26T19:25:46","slug":"reconocen-a-los-educadores-en-su-dia","status":"publish","type":"post","link":"http:\/\/web-zac.com\/?p=18991","title":{"rendered":"RECONOCEN A LOS EDUCADORES EN SU D\u00cdA \n<br>"},"content":{"rendered":"\n<figure class=\"wp-block-image size-large\"><img loading=\"lazy\" decoding=\"async\" width=\"300\" height=\"229\" src=\"http:\/\/web-zac.com\/wp-content\/uploads\/2024\/04\/image_editor_output_image-334990784-17141595276105039492576835908613-300x229.jpg\" alt=\"\" class=\"wp-image-18990\" srcset=\"http:\/\/web-zac.com\/wp-content\/uploads\/2024\/04\/image_editor_output_image-334990784-17141595276105039492576835908613-300x229.jpg 300w, http:\/\/web-zac.com\/wp-content\/uploads\/2024\/04\/image_editor_output_image-334990784-17141595276105039492576835908613.jpg 604w\" sizes=\"auto, (max-width: 300px) 100vw, 300px\" \/><\/figure>\n\n\n\n<p>\n<br>Fresnillo, Zac.- En el marco de la celebraci\u00f3n del D\u00eda de la Educadora, Rita Roc\u00edo Qui\u00f1ones de Luna, alcaldesa, asisti\u00f3 al evento que se organiz\u00f3 para las docentes de Fresnillo, en el que adem\u00e1s de rendirles homenaje se entregaron reconocimientos por a\u00f1os de servicio.\n<br>El evento tuvo lugar en el sal\u00f3n Punta Diamante, donde se dieron cita educadores y educadoras de todas las zonas que pertenecen a El Mineral, donde con una gran bienvenida comenz\u00f3 la celebraci\u00f3n.\n<br>Qui\u00f1ones de Luna agradeci\u00f3 durante su participaci\u00f3n a las maestras por su compromiso en la ense\u00f1anza de los peque\u00f1os, pues son las primeras formadoras e impregnan de amor a los peque\u00f1os, tanto que muchos adultos a\u00fan recuerdan a sus maestros.\n<br>Elizabeth Vega \u00c1vila, Jefa del Sector 03 Federalizada, mencion\u00f3 que los docentes est\u00e1n preparados para para garantizar que se reduzca la brecha tecnol\u00f3gica, en t\u00e9rminos de innovaciones y conocimientos.\n<br>Por ello, se preparan como profesionales de la educaci\u00f3n de los primeros a\u00f1os, para guiar, orientar y acompa\u00f1ar a los alumnos en su aprendizaje por la escuela y el entorno social.\n<br>Finalmente, se hizo entrega a los docentes de 20, 15 y 10 a\u00f1os de servicio en los jardines de ni\u00f1os. \n<br>\n<br><\/p>\n","protected":false},"excerpt":{"rendered":"<p>Fresnillo, Zac.- En el marco de la celebraci\u00f3n del D\u00eda de la Educadora, Rita Roc\u00edo Qui\u00f1ones de Luna, alcaldesa, asisti\u00f3 al evento que se organiz\u00f3 para las docentes de Fresnillo, en el que adem\u00e1s de rendirles homenaje se entregaron reconocimientos por a\u00f1os de servicio. El evento tuvo lugar en el sal\u00f3n Punta Diamante, donde se [&hellip;]<\/p>\n","protected":false},"author":3,"featured_media":18990,"comment_status":"open","ping_status":"open","sticky":false,"template":"","format":"standard","meta":{"footnotes":""},"categories":[19,6],"tags":[],"class_list":["post-18991","post","type-post","status-publish","format-standard","has-post-thumbnail","hentry","category-fresnillo","category-webmunicipios"],"jetpack_featured_media_url":"http:\/\/web-zac.com\/wp-content\/uploads\/2024\/04\/image_editor_output_image-334990784-17141595276105039492576835908613.jpg","_links":{"self":[{"href":"http:\/\/web-zac.com\/index.php?rest_route=\/wp\/v2\/posts\/18991","targetHints":{"allow":["GET"]}}],"collection":[{"href":"http:\/\/web-zac.com\/index.php?rest_route=\/wp\/v2\/posts"}],"about":[{"href":"http:\/\/web-zac.com\/index.php?rest_route=\/wp\/v2\/types\/post"}],"author":[{"embeddable":true,"href":"http:\/\/web-zac.com\/index.php?rest_route=\/wp\/v2\/users\/3"}],"replies":[{"embeddable":true,"href":"http:\/\/web-zac.com\/index.php?rest_route=%2Fwp%2Fv2%2Fcomments&post=18991"}],"version-history":[{"count":1,"href":"http:\/\/web-zac.com\/index.php?rest_route=\/wp\/v2\/posts\/18991\/revisions"}],"predecessor-version":[{"id":18992,"href":"http:\/\/web-zac.com\/index.php?rest_route=\/wp\/v2\/posts\/18991\/revisions\/18992"}],"wp:featuredmedia":[{"embeddable":true,"href":"http:\/\/web-zac.com\/index.php?rest_route=\/wp\/v2\/media\/18990"}],"wp:attachment":[{"href":"http:\/\/web-zac.com\/index.php?rest_route=%2Fwp%2Fv2%2Fmedia&parent=18991"}],"wp:term":[{"taxonomy":"category","embeddable":true,"href":"http:\/\/web-zac.com\/index.php?rest_route=%2Fwp%2Fv2%2Fcategories&post=18991"},{"taxonomy":"post_tag","embeddable":true,"href":"http:\/\/web-zac.com\/index.php?rest_route=%2Fwp%2Fv2%2Ftags&post=18991"}],"curies":[{"name":"wp","href":"https:\/\/api.w.org\/{rel}","templated":true}]}}