{"id":18984,"date":"2024-04-25T18:45:04","date_gmt":"2024-04-25T23:45:04","guid":{"rendered":"http:\/\/web-zac.com\/?p=18984"},"modified":"2024-04-25T18:45:04","modified_gmt":"2024-04-25T23:45:04","slug":"saul-monreal-avila-se-reune-con-limoneros-y-sectores-comerciales","status":"publish","type":"post","link":"http:\/\/web-zac.com\/?p=18984","title":{"rendered":"SA\u00daL MONREAL \u00c1VILA, SE REUNE CON LIMONEROS Y SECTORES COMERCIALES"},"content":{"rendered":"<p>Sa\u00fal Monreal \u00c1vila, candidato al Senado de la Rep\u00fablica por Zacatecas con \u00abSigamos Haciendo Historia\u00bb, continu\u00f3 su gira en el sur del estado en Jalpa, reuni\u00e9ndose con sectores estrat\u00e9gicos de la econom\u00eda local y de la entidad, como los productores agaveros y limoneros. Tambi\u00e9n aprovech\u00f3 para tener una charla amena con un grupo de escolares que solicitaron que fuera su padrino de generaci\u00f3n. M\u00e1s tarde, regresando a los municipios&#8230;<\/p>\n<p>Monreal \u00c1vila, despu\u00e9s de 55 d\u00edas de campa\u00f1a federal, agradeci\u00f3 las reuniones a las que asiste parte de la ciudadan\u00eda para escuchar sus propuestas. \u00abCada vez falta menos, estamos m\u00e1s cerca del triunfo\u00bb.<\/p>\n<p>En la Perla del Ca\u00f1\u00f3n, fue recibido por la gente de la empacadora y comercializadora de lim\u00f3n Santo Domingo. Durante la asamblea p\u00fablica y dial\u00f3gica, el candidato expuso sus planteamientos para luego escuchar los de la ciudadan\u00eda presente.<\/p>\n<p>Un primer punto a tratar por parte de Monreal \u00c1vila fue que continuar\u00e1 compartiendo y divulgando entre la gente el proyecto de naci\u00f3n que Claudia Sheinbaum Pardo tiene para la sociedad en general, y c\u00f3mo desde la C\u00e1mara Alta podr\u00e1n ser implementados para beneficiar a m\u00faltiples sociedades zacatecanas. \u00abLos programas sociales de la Cuarta Transformaci\u00f3n tendr\u00e1n continuidad e incluso se ampliar\u00e1n\u00bb.<\/p>\n<p>El propietario de la empacadora de los frutos c\u00edtricos, Jos\u00e9 Quezada, dio la bienvenida a Sa\u00fal Monreal, manifestando su apoyo y solidaridad al proyecto que encabeza rumbo al Senado, por lo que el candidato reconoci\u00f3 su labor y entrega. \u00abYo soy hijo de un l\u00edder campesino, este trabajo no es f\u00e1cil\u00bb.<\/p>\n<p><strong>\u00a0<\/strong><strong>SE ACERCA EL TRIUNFO<\/strong><\/p>\n<p>Asimismo, Sa\u00fal Monreal pidi\u00f3 la confianza de la ciudadan\u00eda y que el pr\u00f3ximo 02 de junio ejerzan sus derechos civiles a favor de la Cuarta Transformaci\u00f3n que encabeza Sheinbaum y todos los candidatos de \u00abSigamos Haciendo Historia\u00bb.<\/p>\n<p>Cada vez falta menos para el triunfo electoral en los pr\u00f3ximos comicios. Sa\u00fal Monreal \u00c1vila est\u00e1 convencido de que se requiere la fuerza y el compromiso de todos los hombres que creen en el cambio verdadero.<\/p>\n<p>Es por ello que tiene una clara consigna: volver a los recovecos zacatecanos y recordar que existe un proyecto diferente al neoliberal y conservador que gobern\u00f3 en muchas ocasiones bajo el amparo ileg\u00edtimo de unos cuantos. Ahora se vive una democracia m\u00e1s directa y representativa con los candidatos de MORENA para que \u00a1Sigamos Haciendo Historia!<\/p>\n","protected":false},"excerpt":{"rendered":"<p>Sa\u00fal Monreal \u00c1vila, candidato al Senado de la Rep\u00fablica por Zacatecas con \u00abSigamos Haciendo Historia\u00bb, continu\u00f3 su gira en el sur del estado en Jalpa, reuni\u00e9ndose con sectores estrat\u00e9gicos de la econom\u00eda local y de la entidad, como los productores agaveros y limoneros. Tambi\u00e9n aprovech\u00f3 para tener una charla amena con un grupo de escolares [&hellip;]<\/p>\n","protected":false},"author":3,"featured_media":18972,"comment_status":"open","ping_status":"open","sticky":false,"template":"","format":"standard","meta":{"footnotes":""},"categories":[3],"tags":[],"class_list":["post-18984","post","type-post","status-publish","format-standard","has-post-thumbnail","hentry","category-webpolitica"],"jetpack_featured_media_url":"http:\/\/web-zac.com\/wp-content\/uploads\/2024\/04\/WhatsApp-Image-2024-04-25-at-5.35.48-PM.jpeg","_links":{"self":[{"href":"http:\/\/web-zac.com\/index.php?rest_route=\/wp\/v2\/posts\/18984","targetHints":{"allow":["GET"]}}],"collection":[{"href":"http:\/\/web-zac.com\/index.php?rest_route=\/wp\/v2\/posts"}],"about":[{"href":"http:\/\/web-zac.com\/index.php?rest_route=\/wp\/v2\/types\/post"}],"author":[{"embeddable":true,"href":"http:\/\/web-zac.com\/index.php?rest_route=\/wp\/v2\/users\/3"}],"replies":[{"embeddable":true,"href":"http:\/\/web-zac.com\/index.php?rest_route=%2Fwp%2Fv2%2Fcomments&post=18984"}],"version-history":[{"count":1,"href":"http:\/\/web-zac.com\/index.php?rest_route=\/wp\/v2\/posts\/18984\/revisions"}],"predecessor-version":[{"id":18985,"href":"http:\/\/web-zac.com\/index.php?rest_route=\/wp\/v2\/posts\/18984\/revisions\/18985"}],"wp:featuredmedia":[{"embeddable":true,"href":"http:\/\/web-zac.com\/index.php?rest_route=\/wp\/v2\/media\/18972"}],"wp:attachment":[{"href":"http:\/\/web-zac.com\/index.php?rest_route=%2Fwp%2Fv2%2Fmedia&parent=18984"}],"wp:term":[{"taxonomy":"category","embeddable":true,"href":"http:\/\/web-zac.com\/index.php?rest_route=%2Fwp%2Fv2%2Fcategories&post=18984"},{"taxonomy":"post_tag","embeddable":true,"href":"http:\/\/web-zac.com\/index.php?rest_route=%2Fwp%2Fv2%2Ftags&post=18984"}],"curies":[{"name":"wp","href":"https:\/\/api.w.org\/{rel}","templated":true}]}}