{"id":18978,"date":"2024-04-25T18:41:29","date_gmt":"2024-04-25T23:41:29","guid":{"rendered":"http:\/\/web-zac.com\/?p=18978"},"modified":"2024-04-25T18:41:29","modified_gmt":"2024-04-25T23:41:29","slug":"ninos-y-ninas-encabezan-la-sesion-de-cabildo","status":"publish","type":"post","link":"http:\/\/web-zac.com\/?p=18978","title":{"rendered":"NI\u00d1OS Y NI\u00d1AS ENCABEZAN LA SESI\u00d3N DE CABILDO"},"content":{"rendered":"<p>Fresnillo, Zac.- Este jueves, en el marco del D\u00eda del Ni\u00f1o, se llev\u00f3 a cabo la tercera edici\u00f3n de<br \/>\nCabildo Infantil Fresnillo 2024, que tiene como finalidad dar voz a los ni\u00f1os y ni\u00f1as para que den a<br \/>\nconocer sus inquietudes acerca del respeto que todos deben de tener ante sus derechos.<\/p>\n<p>La Sesi\u00f3n de Cabildo Infantil fue presidida por la alcaldesa, Rita Roc\u00edo Qui\u00f1ones de Luna, qui\u00e9n<br \/>\ncelebr\u00f3 que ni\u00f1os, ni\u00f1as y adolescentes de Fresnillo sean participes de este tipo de eventos y que<br \/>\nvisibilicen las problem\u00e1ticas que los aquejan dentro de la sociedad.<\/p>\n<p>Con el prop\u00f3sito de promover valores y conocer los derechos de las ni\u00f1as y ni\u00f1os, adem\u00e1s de la<br \/>\nadministraci\u00f3n p\u00fablica como cultura democr\u00e1tica, se invit\u00f3 a los ni\u00f1os a que hicieran uso de la voz<br \/>\ncon temas como: No discriminaci\u00f3n, Salud y Educaci\u00f3n y con ello sean tomados en cuenta en el<br \/>\nmunicipio y en el sector educativo.<\/p>\n<p>Sus principales preocupaciones son el no ser discriminados bajo ning\u00fan termino, poder acceder a la<br \/>\neducaci\u00f3n sin importar su condici\u00f3n y que haya una libre apertura a la salud, con atenci\u00f3n y<br \/>\nmedicamentos.<\/p>\n<p>Los integrantes del Cabildo Infantil son: Jorge Antonio Medina Medrano, de la primaria Tebamaztli<br \/>\ncomo secretario del gobierno municipal; Sara Isabel L\u00f3pez Vel\u00e1zquez, del Colegio Cultura y<br \/>\nEducaci\u00f3n de Fresnillo A. C. como S\u00edndica; y los regidores, Sauli Carrillo L\u00f3pez, de la escuela<br \/>\nFord, Ana Karla P\u00e9rez, del Monreal Sandoval; Cristi\u00e1n Eduardo \u00c1lvarez Palacios, de la escuela<br \/>\nMorelos.<\/p>\n<p>As\u00ed como Alexa Monserrath Garc\u00eda Cruz, de la comunidad Presa de Linares; Abraham Hern\u00e1ndez<br \/>\nLanderos y Antonellla Montserrat Moreira Macias, de la escuela Josefa Ortiz de Dom\u00ednguez; Uriel<br \/>\nPatrocinio Salazar Betancourt de la primaria Mar\u00eda R. Murillo; Isela Guadalupe Galv\u00e1n Mendoza<br \/>\nde la escuela de la localidad Miguel Hidalgo de Ojuelos.<\/p>\n<p>Tambi\u00e9n como regidores, Litzi Yohana Mart\u00ednez Gonz\u00e1lez de la comunidad El Baluarte; \u00c1ngel<br \/>\nGabriel Reyes P\u00e9rez y Jos\u00e9 Santiago Blanco Mart\u00ednez de la primaria Jaime Torres Bodet; Karla<br \/>\nEvelyn Delgado Ortiz de la escuela Fern\u00e1ndez de Lizardi; y Romina Dorado Noriega de la primaria<br \/>\n\u00c1lvaro Obreg\u00f3n.<\/p>\n<p>Con su participaci\u00f3n el gobierno municipal garantiz\u00f3 su libertad de expresi\u00f3n de los menores.<br \/>\nAl final de la sesi\u00f3n Qui\u00f1ones de Luna agradeci\u00f3 a las instituciones educativas su apertura para que<br \/>\nlos ni\u00f1os pudieran participar y a los padres de familia por ser un buen ejemplo<\/p>\n","protected":false},"excerpt":{"rendered":"<p>Fresnillo, Zac.- Este jueves, en el marco del D\u00eda del Ni\u00f1o, se llev\u00f3 a cabo la tercera edici\u00f3n de Cabildo Infantil Fresnillo 2024, que tiene como finalidad dar voz a los ni\u00f1os y ni\u00f1as para que den a conocer sus inquietudes acerca del respeto que todos deben de tener ante sus derechos. La Sesi\u00f3n de [&hellip;]<\/p>\n","protected":false},"author":3,"featured_media":18967,"comment_status":"open","ping_status":"open","sticky":false,"template":"","format":"standard","meta":{"footnotes":""},"categories":[19,6],"tags":[],"class_list":["post-18978","post","type-post","status-publish","format-standard","has-post-thumbnail","hentry","category-fresnillo","category-webmunicipios"],"jetpack_featured_media_url":"http:\/\/web-zac.com\/wp-content\/uploads\/2024\/04\/WhatsApp-Image-2024-04-25-at-5.33.53-PM.jpeg","_links":{"self":[{"href":"http:\/\/web-zac.com\/index.php?rest_route=\/wp\/v2\/posts\/18978","targetHints":{"allow":["GET"]}}],"collection":[{"href":"http:\/\/web-zac.com\/index.php?rest_route=\/wp\/v2\/posts"}],"about":[{"href":"http:\/\/web-zac.com\/index.php?rest_route=\/wp\/v2\/types\/post"}],"author":[{"embeddable":true,"href":"http:\/\/web-zac.com\/index.php?rest_route=\/wp\/v2\/users\/3"}],"replies":[{"embeddable":true,"href":"http:\/\/web-zac.com\/index.php?rest_route=%2Fwp%2Fv2%2Fcomments&post=18978"}],"version-history":[{"count":1,"href":"http:\/\/web-zac.com\/index.php?rest_route=\/wp\/v2\/posts\/18978\/revisions"}],"predecessor-version":[{"id":18979,"href":"http:\/\/web-zac.com\/index.php?rest_route=\/wp\/v2\/posts\/18978\/revisions\/18979"}],"wp:featuredmedia":[{"embeddable":true,"href":"http:\/\/web-zac.com\/index.php?rest_route=\/wp\/v2\/media\/18967"}],"wp:attachment":[{"href":"http:\/\/web-zac.com\/index.php?rest_route=%2Fwp%2Fv2%2Fmedia&parent=18978"}],"wp:term":[{"taxonomy":"category","embeddable":true,"href":"http:\/\/web-zac.com\/index.php?rest_route=%2Fwp%2Fv2%2Fcategories&post=18978"},{"taxonomy":"post_tag","embeddable":true,"href":"http:\/\/web-zac.com\/index.php?rest_route=%2Fwp%2Fv2%2Ftags&post=18978"}],"curies":[{"name":"wp","href":"https:\/\/api.w.org\/{rel}","templated":true}]}}