{"id":18962,"date":"2024-04-24T21:23:38","date_gmt":"2024-04-25T02:23:38","guid":{"rendered":"http:\/\/web-zac.com\/?p=18962"},"modified":"2024-04-24T21:23:54","modified_gmt":"2024-04-25T02:23:54","slug":"con-el-plan-c-llevaremos-bienestar-a-zacatecas-y-todo-mexico-vero-diaz","status":"publish","type":"post","link":"http:\/\/web-zac.com\/?p=18962","title":{"rendered":"Con el Plan C llevaremos bienestar a Zacatecas y todo M\u00e9xico: Vero D\u00edaz \n<br>"},"content":{"rendered":"\n<figure class=\"wp-block-image size-large\"><img loading=\"lazy\" decoding=\"async\" width=\"1024\" height=\"806\" src=\"http:\/\/web-zac.com\/wp-content\/uploads\/2024\/04\/img-20240424-wa0196943021399738844661-1024x806.jpg\" alt=\"\" class=\"wp-image-18961\" srcset=\"http:\/\/web-zac.com\/wp-content\/uploads\/2024\/04\/img-20240424-wa0196943021399738844661-1024x806.jpg 1024w, http:\/\/web-zac.com\/wp-content\/uploads\/2024\/04\/img-20240424-wa0196943021399738844661-300x236.jpg 300w, http:\/\/web-zac.com\/wp-content\/uploads\/2024\/04\/img-20240424-wa0196943021399738844661-768x604.jpg 768w, http:\/\/web-zac.com\/wp-content\/uploads\/2024\/04\/img-20240424-wa0196943021399738844661-1200x944.jpg 1200w, http:\/\/web-zac.com\/wp-content\/uploads\/2024\/04\/img-20240424-wa0196943021399738844661.jpg 1280w\" sizes=\"auto, (max-width: 1024px) 100vw, 1024px\" \/><\/figure>\n\n\n\n<p>\n<br>Desde el sur de Zacatecas, la candidata de Morena al Senado de la Rep\u00fablica, Vero D\u00edaz, sostuvo que \u201cel triunfo de nuestro movimiento ser\u00e1 contundente, y ser\u00e1 posible porque el pueblo organizado est\u00e1 dispuesto a consolidar el segundo piso de la transformaci\u00f3n de la mano de quien ser\u00e1 la pr\u00f3xima presidenta de M\u00e9xico, Claudia Sheinbaum\u201d.\n<br>\n<br>En el municipio de Jalpa, acompa\u00f1ada por la futura Diputada local Maribel Villalpando, y el candidato a la Presidencia Municipal, Miguel Velazco, Vero D\u00edaz puntualiz\u00f3 que desde la m\u00e1xima tribuna del pa\u00eds legislar\u00e1 para que los Programas del Bienestar queden inscritos en la Constituci\u00f3n.\n<br>\n<br>As\u00ed se har\u00e1 con el programa J\u00f3venes Construyendo el Futuro; con las becas Benito Ju\u00e1rez para estudiantes, que se establecer\u00e1n desde prescolar hasta preparatoria, y ser\u00e1n considerados como un derecho para todos los j\u00f3venes de Zacatecas y del pa\u00eds.\n<br>\n<br>Para ello, es necesario el Plan C, es decir, el pr\u00f3ximo 2 de junio obtener la mayor\u00eda calificada en el Congreso de la Uni\u00f3n, con lo que \u201cseguiremos acompa\u00f1ando a la gente, seguiremos llevando bienestar a Zacatecas y vamos a lograr que los programas sociales est\u00e9n inscritos en la Constituci\u00f3n\u201d.\n<br>\n<br>Desde Jalpa, Vero D\u00edaz pidi\u00f3 a los zacatecanos votar 5 de 5 por los candidatos de Morena, desde la aspirante a la Presidencia de la Rep\u00fablica, Claudia Sheinbaum, hasta Vero D\u00edaz al Senado de la Rep\u00fablica,&nbsp; los candidatos a diputados locales y federales, as\u00ed como los candidatos a las presidencias municipales.\n<br>\n<br>Vero D\u00edaz se\u00f1al\u00f3 que, gracias al humanismo mexicano, se logr\u00f3 atender a quienes menos tienen y, por ello, la importancia de impulsar el segundo piso de la transformaci\u00f3n.\n<br>\n<br>Gracias al combate a corrupci\u00f3n, podemos decir que los adultos mayores reciben una pensi\u00f3n no contributiva y que seguir\u00e1 en aumento; con el combate a la corrupci\u00f3n, el Estado Mexicano tiene dinero para entregar a los j\u00f3venes estudiantes&nbsp; una beca; con el combate a la corrupci\u00f3n se ha podido atender a nuestras hermanas y hermanos con discapacidad, y desde el Senado&nbsp; de la Rep\u00fablica seguiremos impulsando el bienestar.<\/p>\n","protected":false},"excerpt":{"rendered":"<p>Desde el sur de Zacatecas, la candidata de Morena al Senado de la Rep\u00fablica, Vero D\u00edaz, sostuvo que \u201cel triunfo de nuestro movimiento ser\u00e1 contundente, y ser\u00e1 posible porque el pueblo organizado est\u00e1 dispuesto a consolidar el segundo piso de la transformaci\u00f3n de la mano de quien ser\u00e1 la pr\u00f3xima presidenta de M\u00e9xico, Claudia Sheinbaum\u201d. [&hellip;]<\/p>\n","protected":false},"author":3,"featured_media":18961,"comment_status":"open","ping_status":"open","sticky":false,"template":"","format":"standard","meta":{"footnotes":""},"categories":[3],"tags":[],"class_list":["post-18962","post","type-post","status-publish","format-standard","has-post-thumbnail","hentry","category-webpolitica"],"jetpack_featured_media_url":"http:\/\/web-zac.com\/wp-content\/uploads\/2024\/04\/img-20240424-wa0196943021399738844661.jpg","_links":{"self":[{"href":"http:\/\/web-zac.com\/index.php?rest_route=\/wp\/v2\/posts\/18962","targetHints":{"allow":["GET"]}}],"collection":[{"href":"http:\/\/web-zac.com\/index.php?rest_route=\/wp\/v2\/posts"}],"about":[{"href":"http:\/\/web-zac.com\/index.php?rest_route=\/wp\/v2\/types\/post"}],"author":[{"embeddable":true,"href":"http:\/\/web-zac.com\/index.php?rest_route=\/wp\/v2\/users\/3"}],"replies":[{"embeddable":true,"href":"http:\/\/web-zac.com\/index.php?rest_route=%2Fwp%2Fv2%2Fcomments&post=18962"}],"version-history":[{"count":1,"href":"http:\/\/web-zac.com\/index.php?rest_route=\/wp\/v2\/posts\/18962\/revisions"}],"predecessor-version":[{"id":18963,"href":"http:\/\/web-zac.com\/index.php?rest_route=\/wp\/v2\/posts\/18962\/revisions\/18963"}],"wp:featuredmedia":[{"embeddable":true,"href":"http:\/\/web-zac.com\/index.php?rest_route=\/wp\/v2\/media\/18961"}],"wp:attachment":[{"href":"http:\/\/web-zac.com\/index.php?rest_route=%2Fwp%2Fv2%2Fmedia&parent=18962"}],"wp:term":[{"taxonomy":"category","embeddable":true,"href":"http:\/\/web-zac.com\/index.php?rest_route=%2Fwp%2Fv2%2Fcategories&post=18962"},{"taxonomy":"post_tag","embeddable":true,"href":"http:\/\/web-zac.com\/index.php?rest_route=%2Fwp%2Fv2%2Ftags&post=18962"}],"curies":[{"name":"wp","href":"https:\/\/api.w.org\/{rel}","templated":true}]}}