{"id":18950,"date":"2024-04-24T10:03:50","date_gmt":"2024-04-24T15:03:50","guid":{"rendered":"http:\/\/web-zac.com\/?p=18950"},"modified":"2024-04-24T10:04:03","modified_gmt":"2024-04-24T15:04:03","slug":"vamos-a-fortalecer-al-campo-fresnillense-y-nuestra-comunidad-bennelly-hernandez","status":"publish","type":"post","link":"http:\/\/web-zac.com\/?p=18950","title":{"rendered":"Vamos a fortalecer al campo fresnillense y nuestra comunidad\u201d: Bennelly Hern\u00e1ndez"},"content":{"rendered":"\n<p>\n<br>\n<br>Fresnillo, Zac. &#8211; Bennelly Hern\u00e1ndez Ruedas, candidata a la presidencia de Fresnillo, convivi\u00f3 con grupos de productores en comunidades, para refrendar el compromiso que tiene hacia el campo y todos los que lo trabajan; al apoyar en mejorar sus condiciones, bienestar y progreso, siendo este sector desarrollo y oportunidad para El Mineral.\n<br>\n<br>Al visitar las comunidades de Ba\u00f1uelos, El Baluarte, Seis de enero, Morelos y R\u00edo Florido; Hern\u00e1ndez Ruedas, enfatiz\u00f3 que ser\u00e1 una aliada del campo, fortaleciendo a quienes realizan actividades agr\u00edcolas y ganaderas, con programas sociales para la entrega de fertilizantes, diesel y apoyo de semillas.\n<br>\n<br>Adem\u00e1s, se comprometi\u00f3 a dar atenci\u00f3n de una obra prioritaria para su comunidad; misma que tendr\u00e1 que ser elegida de manera organizada y en colectividad por los habitantes, con el objetivo de incentivar la participaci\u00f3n ciudadana, con la cual tambi\u00e9n se empodera y da valor a su opini\u00f3n.\n<br> \n<br>\u201cVamos a echar andar proyectos, pero para ello, yo quiero que trabajemos juntos; que me indiquen que es lo que vamos a realizar en su entorno, porque ustedes son quienes conocen bien lo que es prioridad; ustedes deciden y vamos trabajando\u201d.\n<br>\n<br>\u201cTodos queremos un Fresnillo pr\u00f3spero, que a todos nos vaya bien\u201d, puntualiz\u00f3.\n<br><\/p>\n\n\n\n<figure class=\"wp-block-image size-large\"><img loading=\"lazy\" decoding=\"async\" width=\"1024\" height=\"768\" src=\"http:\/\/web-zac.com\/wp-content\/uploads\/2024\/04\/img-20240423-wa02372679423421030077252-1024x768.jpg\" alt=\"\" class=\"wp-image-18949\" srcset=\"http:\/\/web-zac.com\/wp-content\/uploads\/2024\/04\/img-20240423-wa02372679423421030077252-1024x768.jpg 1024w, http:\/\/web-zac.com\/wp-content\/uploads\/2024\/04\/img-20240423-wa02372679423421030077252-300x225.jpg 300w, http:\/\/web-zac.com\/wp-content\/uploads\/2024\/04\/img-20240423-wa02372679423421030077252-768x576.jpg 768w, http:\/\/web-zac.com\/wp-content\/uploads\/2024\/04\/img-20240423-wa02372679423421030077252-1536x1152.jpg 1536w, http:\/\/web-zac.com\/wp-content\/uploads\/2024\/04\/img-20240423-wa02372679423421030077252-1200x900.jpg 1200w, http:\/\/web-zac.com\/wp-content\/uploads\/2024\/04\/img-20240423-wa02372679423421030077252.jpg 2000w\" sizes=\"auto, (max-width: 1024px) 100vw, 1024px\" \/><\/figure>\n","protected":false},"excerpt":{"rendered":"<p>Fresnillo, Zac. &#8211; Bennelly Hern\u00e1ndez Ruedas, candidata a la presidencia de Fresnillo, convivi\u00f3 con grupos de productores en comunidades, para refrendar el compromiso que tiene hacia el campo y todos los que lo trabajan; al apoyar en mejorar sus condiciones, bienestar y progreso, siendo este sector desarrollo y oportunidad para El Mineral. Al visitar las [&hellip;]<\/p>\n","protected":false},"author":3,"featured_media":18949,"comment_status":"open","ping_status":"open","sticky":false,"template":"","format":"standard","meta":{"footnotes":""},"categories":[3],"tags":[],"class_list":["post-18950","post","type-post","status-publish","format-standard","has-post-thumbnail","hentry","category-webpolitica"],"jetpack_featured_media_url":"http:\/\/web-zac.com\/wp-content\/uploads\/2024\/04\/img-20240423-wa02372679423421030077252.jpg","_links":{"self":[{"href":"http:\/\/web-zac.com\/index.php?rest_route=\/wp\/v2\/posts\/18950","targetHints":{"allow":["GET"]}}],"collection":[{"href":"http:\/\/web-zac.com\/index.php?rest_route=\/wp\/v2\/posts"}],"about":[{"href":"http:\/\/web-zac.com\/index.php?rest_route=\/wp\/v2\/types\/post"}],"author":[{"embeddable":true,"href":"http:\/\/web-zac.com\/index.php?rest_route=\/wp\/v2\/users\/3"}],"replies":[{"embeddable":true,"href":"http:\/\/web-zac.com\/index.php?rest_route=%2Fwp%2Fv2%2Fcomments&post=18950"}],"version-history":[{"count":1,"href":"http:\/\/web-zac.com\/index.php?rest_route=\/wp\/v2\/posts\/18950\/revisions"}],"predecessor-version":[{"id":18951,"href":"http:\/\/web-zac.com\/index.php?rest_route=\/wp\/v2\/posts\/18950\/revisions\/18951"}],"wp:featuredmedia":[{"embeddable":true,"href":"http:\/\/web-zac.com\/index.php?rest_route=\/wp\/v2\/media\/18949"}],"wp:attachment":[{"href":"http:\/\/web-zac.com\/index.php?rest_route=%2Fwp%2Fv2%2Fmedia&parent=18950"}],"wp:term":[{"taxonomy":"category","embeddable":true,"href":"http:\/\/web-zac.com\/index.php?rest_route=%2Fwp%2Fv2%2Fcategories&post=18950"},{"taxonomy":"post_tag","embeddable":true,"href":"http:\/\/web-zac.com\/index.php?rest_route=%2Fwp%2Fv2%2Ftags&post=18950"}],"curies":[{"name":"wp","href":"https:\/\/api.w.org\/{rel}","templated":true}]}}