{"id":18946,"date":"2024-04-23T21:57:31","date_gmt":"2024-04-24T02:57:31","guid":{"rendered":"http:\/\/web-zac.com\/?p=18946"},"modified":"2024-04-23T21:57:31","modified_gmt":"2024-04-24T02:57:31","slug":"inauguran-la-octava-jornada-de-salud-comunitaria","status":"publish","type":"post","link":"http:\/\/web-zac.com\/?p=18946","title":{"rendered":"INAUGURAN LA OCTAVA JORNADA DE SALUD COMUNITARIA"},"content":{"rendered":"<p><strong>Fresnillo, Zac.- <\/strong>Este martes, Rita Roc\u00edo Qui\u00f1ones de Luna, presidenta municipal inaugur\u00f3 la Octava Jornada de Salud comunitaria, evento que a\u00f1o con a\u00f1o hace realidad Minera Fresnillo PLC en conjunto con Fundaci\u00f3n UNAM y que de manera gratuita atiende a la poblaci\u00f3n.<\/p>\n<p>La finalidad del evento es acercar los diversos servicios de salud a la comunidad para que se atiendan especialmente aquellas personas que no cuentan con alg\u00fan servicio de salud.<\/p>\n<p>Qui\u00f1ones de Luna mencion\u00f3 que, el gobierno municipal siempre tendr\u00e1 apertura y coadyuvanza para poder generar estrategias de prevenci\u00f3n y de atenci\u00f3n con las diferentes instancias, por lo que invit\u00f3 a los ciudadanos a la jornada de salud que ofrece diversos servicios de manera gratuita.<\/p>\n<p>Durante la semana se espera atender a m\u00e1s de 2 mil personas. Las jornadas de atenci\u00f3n se realizan en \u00a0Centro de Convenciones \u201cLos Temerarios\u201d desde este martes y que dudar\u00e1 toda la semana. Adem\u00e1s se busca que los integrantes de la familia puedan prevenir enfermedades.<\/p>\n<p>Algunos servicios que se brindan son optometr\u00eda, odontolog\u00eda, fisioterapia, tambi\u00e9n se cuentan con stands de salud reproductiva, alimentaci\u00f3n saludable, donde colabora la Secretar\u00eda de Salud de Zacatecas (SSZ).<\/p>\n","protected":false},"excerpt":{"rendered":"<p>Fresnillo, Zac.- Este martes, Rita Roc\u00edo Qui\u00f1ones de Luna, presidenta municipal inaugur\u00f3 la Octava Jornada de Salud comunitaria, evento que a\u00f1o con a\u00f1o hace realidad Minera Fresnillo PLC en conjunto con Fundaci\u00f3n UNAM y que de manera gratuita atiende a la poblaci\u00f3n. La finalidad del evento es acercar los diversos servicios de salud a la [&hellip;]<\/p>\n","protected":false},"author":3,"featured_media":18947,"comment_status":"open","ping_status":"open","sticky":false,"template":"","format":"standard","meta":{"footnotes":""},"categories":[19,6],"tags":[],"class_list":["post-18946","post","type-post","status-publish","format-standard","has-post-thumbnail","hentry","category-fresnillo","category-webmunicipios"],"jetpack_featured_media_url":"http:\/\/web-zac.com\/wp-content\/uploads\/2024\/04\/68443415-fd97-4cd4-8399-248d17483297.jpg","_links":{"self":[{"href":"http:\/\/web-zac.com\/index.php?rest_route=\/wp\/v2\/posts\/18946","targetHints":{"allow":["GET"]}}],"collection":[{"href":"http:\/\/web-zac.com\/index.php?rest_route=\/wp\/v2\/posts"}],"about":[{"href":"http:\/\/web-zac.com\/index.php?rest_route=\/wp\/v2\/types\/post"}],"author":[{"embeddable":true,"href":"http:\/\/web-zac.com\/index.php?rest_route=\/wp\/v2\/users\/3"}],"replies":[{"embeddable":true,"href":"http:\/\/web-zac.com\/index.php?rest_route=%2Fwp%2Fv2%2Fcomments&post=18946"}],"version-history":[{"count":1,"href":"http:\/\/web-zac.com\/index.php?rest_route=\/wp\/v2\/posts\/18946\/revisions"}],"predecessor-version":[{"id":18948,"href":"http:\/\/web-zac.com\/index.php?rest_route=\/wp\/v2\/posts\/18946\/revisions\/18948"}],"wp:featuredmedia":[{"embeddable":true,"href":"http:\/\/web-zac.com\/index.php?rest_route=\/wp\/v2\/media\/18947"}],"wp:attachment":[{"href":"http:\/\/web-zac.com\/index.php?rest_route=%2Fwp%2Fv2%2Fmedia&parent=18946"}],"wp:term":[{"taxonomy":"category","embeddable":true,"href":"http:\/\/web-zac.com\/index.php?rest_route=%2Fwp%2Fv2%2Fcategories&post=18946"},{"taxonomy":"post_tag","embeddable":true,"href":"http:\/\/web-zac.com\/index.php?rest_route=%2Fwp%2Fv2%2Ftags&post=18946"}],"curies":[{"name":"wp","href":"https:\/\/api.w.org\/{rel}","templated":true}]}}