{"id":18943,"date":"2024-04-23T21:56:34","date_gmt":"2024-04-24T02:56:34","guid":{"rendered":"http:\/\/web-zac.com\/?p=18943"},"modified":"2024-04-23T21:56:34","modified_gmt":"2024-04-24T02:56:34","slug":"ayuntamiento-de-fresnillo-celebra-el-dia-de-libro","status":"publish","type":"post","link":"http:\/\/web-zac.com\/?p=18943","title":{"rendered":"AYUNTAMIENTO DE FRESNILLO CELEBRA EL D\u00cdA DE LIBRO"},"content":{"rendered":"<p><strong>Fresnillo, Zac.- <\/strong>En el marco de la celebraci\u00f3n del D\u00eda Internacional del Libro, el Ayuntamiento de Fresnillo que encabeza Rita Roc\u00edo Qui\u00f1ones de Luna, realiz\u00f3 un festejo con lectura entre ni\u00f1os y padres de familia en el Centro de Desarrollo Comunitario (CDC), que se ubica en la colonia del Real de Fresnillo.<\/p>\n<p>Ramiro Arias Camacho, titular de la Biblioteca P\u00fablica \u201cGenaro Garc\u00eda Vald\u00e9s\u201d organiz\u00f3 el evento para conmemorar el d\u00eda, con la intenci\u00f3n de fomentar la lectura y que los ni\u00f1os y adultos conozcan su importancia como el desarrollo de habilidades que son: la atenci\u00f3n, expresi\u00f3n, comprensi\u00f3n y buena escritura.<\/p>\n<p>Por ello, para que en la biblioteca de este espacio p\u00fablico existan libros de acorde a todas las edades, se hizo una donaci\u00f3n de 500 libros de diversos temas, desde infantil, psicolog\u00eda, novela, salud, entre otros.<\/p>\n<p>Qui\u00f1ones de Luna festej\u00f3 que ya haya suficiente material para que la lectura se haga un h\u00e1bito entre los asistentes y se aprovech\u00f3 para realizar la actividad de cuentacuentos para los peque\u00f1os que se encontraban en el lugar, donde participaron tambi\u00e9n los adultos, pues finalmente, toda lectura lleva una ense\u00f1anza.<\/p>\n","protected":false},"excerpt":{"rendered":"<p>Fresnillo, Zac.- En el marco de la celebraci\u00f3n del D\u00eda Internacional del Libro, el Ayuntamiento de Fresnillo que encabeza Rita Roc\u00edo Qui\u00f1ones de Luna, realiz\u00f3 un festejo con lectura entre ni\u00f1os y padres de familia en el Centro de Desarrollo Comunitario (CDC), que se ubica en la colonia del Real de Fresnillo. Ramiro Arias Camacho, [&hellip;]<\/p>\n","protected":false},"author":3,"featured_media":18944,"comment_status":"open","ping_status":"open","sticky":false,"template":"","format":"standard","meta":{"footnotes":""},"categories":[19,6],"tags":[],"class_list":["post-18943","post","type-post","status-publish","format-standard","has-post-thumbnail","hentry","category-fresnillo","category-webmunicipios"],"jetpack_featured_media_url":"http:\/\/web-zac.com\/wp-content\/uploads\/2024\/04\/78f41f21-ef4a-429d-a136-ff155adad820.jpg","_links":{"self":[{"href":"http:\/\/web-zac.com\/index.php?rest_route=\/wp\/v2\/posts\/18943","targetHints":{"allow":["GET"]}}],"collection":[{"href":"http:\/\/web-zac.com\/index.php?rest_route=\/wp\/v2\/posts"}],"about":[{"href":"http:\/\/web-zac.com\/index.php?rest_route=\/wp\/v2\/types\/post"}],"author":[{"embeddable":true,"href":"http:\/\/web-zac.com\/index.php?rest_route=\/wp\/v2\/users\/3"}],"replies":[{"embeddable":true,"href":"http:\/\/web-zac.com\/index.php?rest_route=%2Fwp%2Fv2%2Fcomments&post=18943"}],"version-history":[{"count":1,"href":"http:\/\/web-zac.com\/index.php?rest_route=\/wp\/v2\/posts\/18943\/revisions"}],"predecessor-version":[{"id":18945,"href":"http:\/\/web-zac.com\/index.php?rest_route=\/wp\/v2\/posts\/18943\/revisions\/18945"}],"wp:featuredmedia":[{"embeddable":true,"href":"http:\/\/web-zac.com\/index.php?rest_route=\/wp\/v2\/media\/18944"}],"wp:attachment":[{"href":"http:\/\/web-zac.com\/index.php?rest_route=%2Fwp%2Fv2%2Fmedia&parent=18943"}],"wp:term":[{"taxonomy":"category","embeddable":true,"href":"http:\/\/web-zac.com\/index.php?rest_route=%2Fwp%2Fv2%2Fcategories&post=18943"},{"taxonomy":"post_tag","embeddable":true,"href":"http:\/\/web-zac.com\/index.php?rest_route=%2Fwp%2Fv2%2Ftags&post=18943"}],"curies":[{"name":"wp","href":"https:\/\/api.w.org\/{rel}","templated":true}]}}