{"id":18940,"date":"2024-04-23T18:29:33","date_gmt":"2024-04-23T23:29:33","guid":{"rendered":"http:\/\/web-zac.com\/?p=18940"},"modified":"2024-04-23T18:29:43","modified_gmt":"2024-04-23T23:29:43","slug":"comprometido-pepe-saldivar-con-las-familias-de-el-dorado-y-camilo-torres","status":"publish","type":"post","link":"http:\/\/web-zac.com\/?p=18940","title":{"rendered":"Comprometido Pepe Sald\u00edvar, con las familias de El Dorado y Camilo Torres <br>"},"content":{"rendered":"\n<p><br><br>Pepe Sald\u00edvar, candidato a la Presidencia Municipal de Guadalupe por la coalici\u00f3n &#8216;Sigamos haciendo historia en Zacatecas\u00bb, se reuni\u00f3 con familias de las colonias Indeco, Camilo Torres y El Dorado.<br><br>En estas reuniones, el candidato por Morena y Partido Verde Ecologista de M\u00e9xico, fue bien recibido por las y los guadalupenses, quienes le mostraron en todo momento su respaldo. A su llegada a la cancha de El Dorado, la se\u00f1ora Mar\u00eda Luisa agradeci\u00f3 a Pepe Sald\u00edvar la mejora del servicio de alumbrado p\u00fablico, con lo que disminuy\u00f3 la inseguridad, as\u00ed como la eficiencia en el servicio de recolecci\u00f3n.<br><br>En su mensaje, Pepe Sald\u00edvar agradeci\u00f3 el apoyo y expuso ante los asistentes, que su plan de trabajo est\u00e1 encaminado al bienestar social, y puso como ejemplo la visi\u00f3n de apoyar la econom\u00eda de las familias guadalupenses a trav\u00e9s de la instalaci\u00f3n de celdas solares en cada una de las viviendas del Municipio, contribuyendo, de esta manera, a la reducci\u00f3n en el pago del servicio de energ\u00eda el\u00e9ctrica.<br><br>Asimismo, mencion\u00f3 que sus propuestas contemplan tambi\u00e9n la construcci\u00f3n y recuperaci\u00f3n de espacios p\u00fablicos que fortalezcan la cohesi\u00f3n social -tal es el caso del nuevo Centro Cultural y Art\u00edstico-,&nbsp; el impulso de proyectos que coadyuven en la soluci\u00f3n del desabasto de agua potable a trav\u00e9s de la perforaci\u00f3n de dos pozos m\u00e1s, as\u00ed como en programas de almacenaje y concientizaci\u00f3n del cuidado del vital l\u00edquido, programas de obra p\u00fablica y el fortalecimiento en temas relacionados al medio ambiente, deporte, cultura y desarrollo econ\u00f3mico. <br><br>Vecinos de estas colonias coincidieron en los buenos resultados y acciones a favor de su calidad de vida, respecto a lo cual, Pepe Sald\u00edvar se\u00f1al\u00f3 que \u00abel pueblo es sabio y est\u00e1 consciente de que la mejor opci\u00f3n es este proyecto de continuidad, porque sabemos gobernar y ya lo hemos demostrado\u00bb. <br><br>Previo a estos m\u00edtines, Pepe Sald\u00edvar y Violeta Cerrillo, candidata a Diputada Local por Distrito Local 3, realizaron un recorrido por el Fraccionamiento Santa Rita, en donde casa por casa y de manera directa platicaron con los vecinos sobre sus respectivas propuestas de campa\u00f1a.<br><br>\u00abPorque as\u00ed de esta manera, tambi\u00e9n se fortalece la cercan\u00eda con la gente; vi\u00e9ndolos directamente a los ojos y dici\u00e9ndoles que no les vamos a fallar y que vamos a gobernar juntos, codo a codo\u00bb, se\u00f1al\u00f3 Pepe Sald\u00edvar.<br> <br>__o__<\/p>\n\n\n\n<figure class=\"wp-block-image size-large\"><img loading=\"lazy\" decoding=\"async\" width=\"1024\" height=\"682\" src=\"http:\/\/web-zac.com\/wp-content\/uploads\/2024\/04\/img-20240423-wa00512809667296791044588-1024x682.jpg\" alt=\"\" class=\"wp-image-18939\" srcset=\"http:\/\/web-zac.com\/wp-content\/uploads\/2024\/04\/img-20240423-wa00512809667296791044588-1024x682.jpg 1024w, http:\/\/web-zac.com\/wp-content\/uploads\/2024\/04\/img-20240423-wa00512809667296791044588-300x200.jpg 300w, http:\/\/web-zac.com\/wp-content\/uploads\/2024\/04\/img-20240423-wa00512809667296791044588-768x512.jpg 768w, http:\/\/web-zac.com\/wp-content\/uploads\/2024\/04\/img-20240423-wa00512809667296791044588-1536x1023.jpg 1536w, http:\/\/web-zac.com\/wp-content\/uploads\/2024\/04\/img-20240423-wa00512809667296791044588-1200x800.jpg 1200w, http:\/\/web-zac.com\/wp-content\/uploads\/2024\/04\/img-20240423-wa00512809667296791044588.jpg 1600w\" sizes=\"auto, (max-width: 1024px) 100vw, 1024px\" \/><\/figure>\n","protected":false},"excerpt":{"rendered":"<p>Pepe Sald\u00edvar, candidato a la Presidencia Municipal de Guadalupe por la coalici\u00f3n &#8216;Sigamos haciendo historia en Zacatecas\u00bb, se reuni\u00f3 con familias de las colonias Indeco, Camilo Torres y El Dorado. En estas reuniones, el candidato por Morena y Partido Verde Ecologista de M\u00e9xico, fue bien recibido por las y los guadalupenses, quienes le mostraron en [&hellip;]<\/p>\n","protected":false},"author":3,"featured_media":18939,"comment_status":"open","ping_status":"open","sticky":false,"template":"","format":"standard","meta":{"footnotes":""},"categories":[3],"tags":[],"class_list":["post-18940","post","type-post","status-publish","format-standard","has-post-thumbnail","hentry","category-webpolitica"],"jetpack_featured_media_url":"http:\/\/web-zac.com\/wp-content\/uploads\/2024\/04\/img-20240423-wa00512809667296791044588.jpg","_links":{"self":[{"href":"http:\/\/web-zac.com\/index.php?rest_route=\/wp\/v2\/posts\/18940","targetHints":{"allow":["GET"]}}],"collection":[{"href":"http:\/\/web-zac.com\/index.php?rest_route=\/wp\/v2\/posts"}],"about":[{"href":"http:\/\/web-zac.com\/index.php?rest_route=\/wp\/v2\/types\/post"}],"author":[{"embeddable":true,"href":"http:\/\/web-zac.com\/index.php?rest_route=\/wp\/v2\/users\/3"}],"replies":[{"embeddable":true,"href":"http:\/\/web-zac.com\/index.php?rest_route=%2Fwp%2Fv2%2Fcomments&post=18940"}],"version-history":[{"count":1,"href":"http:\/\/web-zac.com\/index.php?rest_route=\/wp\/v2\/posts\/18940\/revisions"}],"predecessor-version":[{"id":18941,"href":"http:\/\/web-zac.com\/index.php?rest_route=\/wp\/v2\/posts\/18940\/revisions\/18941"}],"wp:featuredmedia":[{"embeddable":true,"href":"http:\/\/web-zac.com\/index.php?rest_route=\/wp\/v2\/media\/18939"}],"wp:attachment":[{"href":"http:\/\/web-zac.com\/index.php?rest_route=%2Fwp%2Fv2%2Fmedia&parent=18940"}],"wp:term":[{"taxonomy":"category","embeddable":true,"href":"http:\/\/web-zac.com\/index.php?rest_route=%2Fwp%2Fv2%2Fcategories&post=18940"},{"taxonomy":"post_tag","embeddable":true,"href":"http:\/\/web-zac.com\/index.php?rest_route=%2Fwp%2Fv2%2Ftags&post=18940"}],"curies":[{"name":"wp","href":"https:\/\/api.w.org\/{rel}","templated":true}]}}