{"id":18929,"date":"2024-04-23T17:21:20","date_gmt":"2024-04-23T22:21:20","guid":{"rendered":"http:\/\/web-zac.com\/?p=18929"},"modified":"2024-04-23T17:21:32","modified_gmt":"2024-04-23T22:21:32","slug":"comienzan-los-festejos-del-dia-del-nino-en-fresnillo","status":"publish","type":"post","link":"http:\/\/web-zac.com\/?p=18929","title":{"rendered":"COMIENZAN LOS FESTEJOS \n<br>DEL D\u00cdA DEL NI\u00d1O EN FRESNILLO"},"content":{"rendered":"\n<p>\n<br>\n<br>\u2022\tSe fomentan las actividades f\u00edsicas como parte de la celebraci\u00f3n\n<br>\n<br>\n<br>Fresnillo, Zac.- Para celebrar el D\u00eda del Ni\u00f1o, instituciones educativas de El Mineral llevan a cabo una semana llena de diversiones, por ello, la primaria Mar\u00eda W. de L\u00f3pez Ortiz y el Jard\u00edn de Ni\u00f1os Ollin Yoliztli, dieron inicio a los festejos con un evento de macro gimnasia y paseo ciclista.\n<br>La primaria tambi\u00e9n conocida como \u201cEvoluci\u00f3n\u201d, cit\u00f3 a los peque\u00f1os estudiantes en el Gimnasio Municipal \u201cAntonio M\u00e9ndez Sosa\u201d, con macro gimnasia, la cual estuvo dividida en tres sesiones, para primer y segundo a\u00f1os, tercero y cuarto a\u00f1o y la \u00faltima de quinto y sexto a\u00f1o con la participaci\u00f3n de 200 personas en cada sesi\u00f3n. \n<br>Consisti\u00f3 en actividades l\u00fadicas y recreativas que buscan el desarrollo f\u00edsico a trav\u00e9s del juego y lo m\u00e1s importante que se de la convivencia entre pap\u00e1s e hijo, lo que ayuda a la salud mental de todos. La clases fueron impartidas por docentes de Educaci\u00f3n F\u00edsica, y el apoyo de los dem\u00e1s maestros y personal de la instituci\u00f3n.\n<br>En tanto los ni\u00f1os del preescolar Ollin Yoliztli realizaron un paseo ciclista que culmin\u00f3 en la explanada del Gimnasio, d\u00f3nde realizaron actividad f\u00edsica y un peque\u00f1o convivio entre padres de familia y ni\u00f1os, al final disfrutaron de sus alimentos.\n<br><\/p>\n\n\n\n<figure class=\"wp-block-image size-large\"><img loading=\"lazy\" decoding=\"async\" width=\"300\" height=\"186\" src=\"http:\/\/web-zac.com\/wp-content\/uploads\/2024\/04\/image_editor_output_image-739112084-17139108679941878198019521034432-300x186.jpg\" alt=\"\" class=\"wp-image-18928\" srcset=\"http:\/\/web-zac.com\/wp-content\/uploads\/2024\/04\/image_editor_output_image-739112084-17139108679941878198019521034432-300x186.jpg 300w, http:\/\/web-zac.com\/wp-content\/uploads\/2024\/04\/image_editor_output_image-739112084-17139108679941878198019521034432.jpg 461w\" sizes=\"auto, (max-width: 300px) 100vw, 300px\" \/><\/figure>\n","protected":false},"excerpt":{"rendered":"<p>\u2022 Se fomentan las actividades f\u00edsicas como parte de la celebraci\u00f3n Fresnillo, Zac.- Para celebrar el D\u00eda del Ni\u00f1o, instituciones educativas de El Mineral llevan a cabo una semana llena de diversiones, por ello, la primaria Mar\u00eda W. de L\u00f3pez Ortiz y el Jard\u00edn de Ni\u00f1os Ollin Yoliztli, dieron inicio a los festejos con un [&hellip;]<\/p>\n","protected":false},"author":3,"featured_media":18928,"comment_status":"open","ping_status":"open","sticky":false,"template":"","format":"standard","meta":{"footnotes":""},"categories":[19,6],"tags":[],"class_list":["post-18929","post","type-post","status-publish","format-standard","has-post-thumbnail","hentry","category-fresnillo","category-webmunicipios"],"jetpack_featured_media_url":"http:\/\/web-zac.com\/wp-content\/uploads\/2024\/04\/image_editor_output_image-739112084-17139108679941878198019521034432.jpg","_links":{"self":[{"href":"http:\/\/web-zac.com\/index.php?rest_route=\/wp\/v2\/posts\/18929","targetHints":{"allow":["GET"]}}],"collection":[{"href":"http:\/\/web-zac.com\/index.php?rest_route=\/wp\/v2\/posts"}],"about":[{"href":"http:\/\/web-zac.com\/index.php?rest_route=\/wp\/v2\/types\/post"}],"author":[{"embeddable":true,"href":"http:\/\/web-zac.com\/index.php?rest_route=\/wp\/v2\/users\/3"}],"replies":[{"embeddable":true,"href":"http:\/\/web-zac.com\/index.php?rest_route=%2Fwp%2Fv2%2Fcomments&post=18929"}],"version-history":[{"count":1,"href":"http:\/\/web-zac.com\/index.php?rest_route=\/wp\/v2\/posts\/18929\/revisions"}],"predecessor-version":[{"id":18930,"href":"http:\/\/web-zac.com\/index.php?rest_route=\/wp\/v2\/posts\/18929\/revisions\/18930"}],"wp:featuredmedia":[{"embeddable":true,"href":"http:\/\/web-zac.com\/index.php?rest_route=\/wp\/v2\/media\/18928"}],"wp:attachment":[{"href":"http:\/\/web-zac.com\/index.php?rest_route=%2Fwp%2Fv2%2Fmedia&parent=18929"}],"wp:term":[{"taxonomy":"category","embeddable":true,"href":"http:\/\/web-zac.com\/index.php?rest_route=%2Fwp%2Fv2%2Fcategories&post=18929"},{"taxonomy":"post_tag","embeddable":true,"href":"http:\/\/web-zac.com\/index.php?rest_route=%2Fwp%2Fv2%2Ftags&post=18929"}],"curies":[{"name":"wp","href":"https:\/\/api.w.org\/{rel}","templated":true}]}}