{"id":18916,"date":"2024-04-22T17:43:21","date_gmt":"2024-04-22T22:43:21","guid":{"rendered":"http:\/\/web-zac.com\/?p=18916"},"modified":"2024-04-22T17:43:44","modified_gmt":"2024-04-22T22:43:44","slug":"refrenda-martin-alvarez-apoyo-al-sindicato-de-musicos","status":"publish","type":"post","link":"http:\/\/web-zac.com\/?p=18916","title":{"rendered":"REFRENDA MART\u00cdN \u00c1LVAREZ APOYO AL SINDICATO DE M\u00daSICOS\n<br>"},"content":{"rendered":"\n<p>\n<br>\u2022\tEl candidato se\u00f1al\u00f3 que tendr\u00e1 presente\n<br> su problem\u00e1tica en el congreso local\n<br>&nbsp; \n<br>Fresnillo, Zac.- El aspirante a la Legislatura Local por el distrito VII, Mart\u00edn \u00c1lvarez Casio sostuvo una reuni\u00f3n con integrantes del Sindicato Nacional de Trabajadores de la M\u00fasica secci\u00f3n 39 a fin de garantizar su apoyo total al gremio desde el congreso local. \n<br>\u00c1lvarez Casio, candidato de la coalici\u00f3n Sigamos Haciendo Historia en Zacatecas (Morena y PVEM) expres\u00f3 que acude al sindicato como amigo de los m\u00fasicos y como candidato para pedirles su apoyo el pr\u00f3ximo 2 de junio y garantizarles que sus problem\u00e1ticas las tendr\u00e1 presentes en el congreso local. \n<br>\u201cLlegando al congreso pondr\u00e9 mi mayor esfuerzo para beneficiar a este sector. Buscaremos un mejor presupuesto para la cultura en Fresnillo\u201d, detall\u00f3 Mart\u00edn \u00c1lvarez.\n<br>Reconoci\u00f3 que \u00e9l, al igual que Bennelly Hern\u00e1ndez, candidata a la presidencia municipal, trabajan una campa\u00f1a cercana a la ciudadan\u00eda, reuni\u00e9ndose con diversos sectores para trabajar en conjunto. Por ello, resalt\u00f3 la importancia del Plan C para lograr mayor\u00eda en el congreso local y que Fresnillo tenga el respaldo de la c\u00e1mara de diputados. \n<br>Mart\u00edn \u00c1lvarez detall\u00f3 que el Plan C debe replicarse en todo el pa\u00eds para lograr mayor\u00eda calificada en el Senado, Congreso de la Uni\u00f3n y Congreso Local para apoyar las iniciativas de Claudia Sheinbaum, candidata a presidenta de la Rep\u00fablica. \n<br>En dicha reuni\u00f3n, tambi\u00e9n estuvo presente Bennelly Hern\u00e1ndez, quien garantiz\u00f3 que en su gobierno se respaldar\u00e1 a los filarm\u00f3nicos, pues uno de sus ejes principales ser\u00e1 la reconstrucci\u00f3n del tejido social, a trav\u00e9s de la cultura. \n<br>\n<br>\n<br><\/p>\n\n\n\n<figure class=\"wp-block-image size-large\"><img loading=\"lazy\" decoding=\"async\" width=\"1024\" height=\"768\" src=\"http:\/\/web-zac.com\/wp-content\/uploads\/2024\/04\/img-20240422-wa01282299880495700655417-1024x768.jpg\" alt=\"\" class=\"wp-image-18915\" srcset=\"http:\/\/web-zac.com\/wp-content\/uploads\/2024\/04\/img-20240422-wa01282299880495700655417-1024x768.jpg 1024w, http:\/\/web-zac.com\/wp-content\/uploads\/2024\/04\/img-20240422-wa01282299880495700655417-300x225.jpg 300w, http:\/\/web-zac.com\/wp-content\/uploads\/2024\/04\/img-20240422-wa01282299880495700655417-768x576.jpg 768w, http:\/\/web-zac.com\/wp-content\/uploads\/2024\/04\/img-20240422-wa01282299880495700655417-1200x900.jpg 1200w, http:\/\/web-zac.com\/wp-content\/uploads\/2024\/04\/img-20240422-wa01282299880495700655417.jpg 1280w\" sizes=\"auto, (max-width: 1024px) 100vw, 1024px\" \/><\/figure>\n","protected":false},"excerpt":{"rendered":"<p>\u2022 El candidato se\u00f1al\u00f3 que tendr\u00e1 presente su problem\u00e1tica en el congreso local &nbsp; Fresnillo, Zac.- El aspirante a la Legislatura Local por el distrito VII, Mart\u00edn \u00c1lvarez Casio sostuvo una reuni\u00f3n con integrantes del Sindicato Nacional de Trabajadores de la M\u00fasica secci\u00f3n 39 a fin de garantizar su apoyo total al gremio desde el [&hellip;]<\/p>\n","protected":false},"author":3,"featured_media":18915,"comment_status":"open","ping_status":"open","sticky":false,"template":"","format":"standard","meta":{"footnotes":""},"categories":[3],"tags":[],"class_list":["post-18916","post","type-post","status-publish","format-standard","has-post-thumbnail","hentry","category-webpolitica"],"jetpack_featured_media_url":"http:\/\/web-zac.com\/wp-content\/uploads\/2024\/04\/img-20240422-wa01282299880495700655417.jpg","_links":{"self":[{"href":"http:\/\/web-zac.com\/index.php?rest_route=\/wp\/v2\/posts\/18916","targetHints":{"allow":["GET"]}}],"collection":[{"href":"http:\/\/web-zac.com\/index.php?rest_route=\/wp\/v2\/posts"}],"about":[{"href":"http:\/\/web-zac.com\/index.php?rest_route=\/wp\/v2\/types\/post"}],"author":[{"embeddable":true,"href":"http:\/\/web-zac.com\/index.php?rest_route=\/wp\/v2\/users\/3"}],"replies":[{"embeddable":true,"href":"http:\/\/web-zac.com\/index.php?rest_route=%2Fwp%2Fv2%2Fcomments&post=18916"}],"version-history":[{"count":1,"href":"http:\/\/web-zac.com\/index.php?rest_route=\/wp\/v2\/posts\/18916\/revisions"}],"predecessor-version":[{"id":18917,"href":"http:\/\/web-zac.com\/index.php?rest_route=\/wp\/v2\/posts\/18916\/revisions\/18917"}],"wp:featuredmedia":[{"embeddable":true,"href":"http:\/\/web-zac.com\/index.php?rest_route=\/wp\/v2\/media\/18915"}],"wp:attachment":[{"href":"http:\/\/web-zac.com\/index.php?rest_route=%2Fwp%2Fv2%2Fmedia&parent=18916"}],"wp:term":[{"taxonomy":"category","embeddable":true,"href":"http:\/\/web-zac.com\/index.php?rest_route=%2Fwp%2Fv2%2Fcategories&post=18916"},{"taxonomy":"post_tag","embeddable":true,"href":"http:\/\/web-zac.com\/index.php?rest_route=%2Fwp%2Fv2%2Ftags&post=18916"}],"curies":[{"name":"wp","href":"https:\/\/api.w.org\/{rel}","templated":true}]}}