{"id":18903,"date":"2024-04-22T17:31:41","date_gmt":"2024-04-22T22:31:41","guid":{"rendered":"http:\/\/web-zac.com\/?p=18903"},"modified":"2024-04-22T17:31:52","modified_gmt":"2024-04-22T22:31:52","slug":"gobierno-de-fresnillocelebra-dia-del-libroen-secundaria-de-plateros","status":"publish","type":"post","link":"http:\/\/web-zac.com\/?p=18903","title":{"rendered":"GOBIERNO DE FRESNILLO\n<br>CELEBRA D\u00cdA DEL LIBRO\n<br>EN SECUNDARIA DE PLATEROS\n<br>"},"content":{"rendered":"\n<figure class=\"wp-block-image size-large\"><img loading=\"lazy\" decoding=\"async\" width=\"1024\" height=\"682\" src=\"http:\/\/web-zac.com\/wp-content\/uploads\/2024\/04\/img-20240422-wa00893491982658006487953-1024x682.jpg\" alt=\"\" class=\"wp-image-18902\" srcset=\"http:\/\/web-zac.com\/wp-content\/uploads\/2024\/04\/img-20240422-wa00893491982658006487953-1024x682.jpg 1024w, http:\/\/web-zac.com\/wp-content\/uploads\/2024\/04\/img-20240422-wa00893491982658006487953-300x200.jpg 300w, http:\/\/web-zac.com\/wp-content\/uploads\/2024\/04\/img-20240422-wa00893491982658006487953-768x512.jpg 768w, http:\/\/web-zac.com\/wp-content\/uploads\/2024\/04\/img-20240422-wa00893491982658006487953-1536x1023.jpg 1536w, http:\/\/web-zac.com\/wp-content\/uploads\/2024\/04\/img-20240422-wa00893491982658006487953-1200x800.jpg 1200w, http:\/\/web-zac.com\/wp-content\/uploads\/2024\/04\/img-20240422-wa00893491982658006487953.jpg 1600w\" sizes=\"auto, (max-width: 1024px) 100vw, 1024px\" \/><\/figure>\n\n\n\n<p>\n<br>\n<br>\u2022\tLectura y valores, protagonistas del intercambio de ideas entre las y los estudiantes.\n<br>\n<br>Fresnillo, Zac.- En la v\u00edspera del D\u00eda Internacional del Libro, el Gobierno de Fresnillo, a trav\u00e9s de su cruzada \u201cCon Sentido Humano\u201d, inici\u00f3 esta celebraci\u00f3n en la Secundaria T\u00e9cnica n\u00famero 63 \u201cSor Juana In\u00e9s de la Cruz\u201d, mediante la conferencia \u201c12 mitos sobre la lectura\u201d.\n<br>La presidenta de Fresnillo, Rita Roc\u00edo Qui\u00f1ones de Luna, convivi\u00f3 con m\u00e1s de 80 estudiantes de esta instituci\u00f3n y los motiv\u00f3 a apropiarse de h\u00e1bitos de lectura que les permitan, en un futuro cercano, a ser m\u00e1s anal\u00edticos e inteligentes.\n<br>\u201cSabemos que en los libros hay conocimiento, y tambi\u00e9n el conocimiento es poder. Si ustedes quieren, pueden tener ese poder en sus manos para poder lograr una mejor sociedad\u201d, les dijo.\n<br>En el auditorio \u201cDiego Rivera\u201d, los estudiantes y sus docentes intercambiaron ideas en torno a la pr\u00e1ctica de la lectura y los valores que ella conlleva. La din\u00e1mica, as\u00ed como la conferencia, fue dirigida por Simitrio Quezada.\n<br>Como ejemplo del gozo en la lectura, se leyeron textos del mexicano Jos\u00e9 Emilio Pacheco y el argentino Julio Cort\u00e1zar.\n<br>Pedro Jaime Ansures, director de la instituci\u00f3n, agradeci\u00f3 a la presidenta y al conferenciante, y reconoci\u00f3 que hay libros \u201cdif\u00edciles para leer\u201d, como la novela \u201cDr\u00e1cula\u201d, de Bram Stoker. Por ello invit\u00f3 a los estudiantes a asumir como retos p\u00e1ginas como \u00e9sas.\n<br>El intercambio de reflexiones culmin\u00f3 frente a la presidenta con una lectura en voz alta de los primeros cap\u00edtulos de la novela \u201cMacario\u201d, de Bruno Traven.\n<br><\/p>\n","protected":false},"excerpt":{"rendered":"<p>\u2022 Lectura y valores, protagonistas del intercambio de ideas entre las y los estudiantes. Fresnillo, Zac.- En la v\u00edspera del D\u00eda Internacional del Libro, el Gobierno de Fresnillo, a trav\u00e9s de su cruzada \u201cCon Sentido Humano\u201d, inici\u00f3 esta celebraci\u00f3n en la Secundaria T\u00e9cnica n\u00famero 63 \u201cSor Juana In\u00e9s de la Cruz\u201d, mediante la conferencia \u201c12 [&hellip;]<\/p>\n","protected":false},"author":3,"featured_media":18902,"comment_status":"open","ping_status":"open","sticky":false,"template":"","format":"standard","meta":{"footnotes":""},"categories":[19,6],"tags":[],"class_list":["post-18903","post","type-post","status-publish","format-standard","has-post-thumbnail","hentry","category-fresnillo","category-webmunicipios"],"jetpack_featured_media_url":"http:\/\/web-zac.com\/wp-content\/uploads\/2024\/04\/img-20240422-wa00893491982658006487953.jpg","_links":{"self":[{"href":"http:\/\/web-zac.com\/index.php?rest_route=\/wp\/v2\/posts\/18903","targetHints":{"allow":["GET"]}}],"collection":[{"href":"http:\/\/web-zac.com\/index.php?rest_route=\/wp\/v2\/posts"}],"about":[{"href":"http:\/\/web-zac.com\/index.php?rest_route=\/wp\/v2\/types\/post"}],"author":[{"embeddable":true,"href":"http:\/\/web-zac.com\/index.php?rest_route=\/wp\/v2\/users\/3"}],"replies":[{"embeddable":true,"href":"http:\/\/web-zac.com\/index.php?rest_route=%2Fwp%2Fv2%2Fcomments&post=18903"}],"version-history":[{"count":1,"href":"http:\/\/web-zac.com\/index.php?rest_route=\/wp\/v2\/posts\/18903\/revisions"}],"predecessor-version":[{"id":18904,"href":"http:\/\/web-zac.com\/index.php?rest_route=\/wp\/v2\/posts\/18903\/revisions\/18904"}],"wp:featuredmedia":[{"embeddable":true,"href":"http:\/\/web-zac.com\/index.php?rest_route=\/wp\/v2\/media\/18902"}],"wp:attachment":[{"href":"http:\/\/web-zac.com\/index.php?rest_route=%2Fwp%2Fv2%2Fmedia&parent=18903"}],"wp:term":[{"taxonomy":"category","embeddable":true,"href":"http:\/\/web-zac.com\/index.php?rest_route=%2Fwp%2Fv2%2Fcategories&post=18903"},{"taxonomy":"post_tag","embeddable":true,"href":"http:\/\/web-zac.com\/index.php?rest_route=%2Fwp%2Fv2%2Ftags&post=18903"}],"curies":[{"name":"wp","href":"https:\/\/api.w.org\/{rel}","templated":true}]}}