{"id":18891,"date":"2024-04-21T21:07:24","date_gmt":"2024-04-22T02:07:24","guid":{"rendered":"http:\/\/web-zac.com\/?p=18891"},"modified":"2024-04-21T21:07:37","modified_gmt":"2024-04-22T02:07:37","slug":"estamos-mas-unidos-que-nunca-bennelly-hernandez","status":"publish","type":"post","link":"http:\/\/web-zac.com\/?p=18891","title":{"rendered":"Estamos m\u00e1s unidos que nunca\u201d: Bennelly Hern\u00e1ndez"},"content":{"rendered":"\n<p>\n<br>\n<br>Fresnillo, Zac. \u2013 Este domingo, m\u00e1s de tres mil l\u00edderes morenistas de El Mineral, se aglomeraron en un mismo recinto, para refrendar su compromiso y respaldo por trabajar en unidad, para que el pr\u00f3ximo 2 de junio, el triunfo sea \u201c5 de 5\u201d.\n<br>Con gran algarab\u00eda, los liderazgos de las estructuras en fraccionamientos, colonias y comunidades de Fresnillo, se dieron cita para reafirmar esfuerzos y organizarse en las pr\u00f3ximas actividades, que contin\u00faen sumando m\u00e1s y m\u00e1s fresnillenses, en este proyecto de transformaci\u00f3n.\n<br>Bennelly Hern\u00e1ndez Ruedas, candidata a la presidencia municipal de Fresnillo, agradeci\u00f3 el respaldo, al manifestar que juntos consolidan el ej\u00e9rcito del movimiento morenista.\n<br>\u201cRecon\u00f3zcanse, porque est\u00e1n representadas aqu\u00ed todas las colonias, fraccionamiento y comunidades; hay equipo y est\u00e1 m\u00e1s que nunca fortalecido, vamos en unidad\u201d, reafirm\u00f3.\n<br>Por ello, reiter\u00f3 la importancia de seguir promoviendo la intenci\u00f3n del voto \u201c5 de 5\u201d; que permita hacer equipo desde la C\u00e1mara Alta y Baja; as\u00ed como el Congreso Local, para que el municipio se vea mayor beneficiado.\n<br>\u201cEst\u00e9n seguros que, est\u00e1n en el proyecto correcto, en el proyecto ganador; del que todos somos parte; [\u2026] el proyecto de la transformaci\u00f3n, de la continuidad; que ve por los que menos tienen; por la justicia social\u201d, enfatiz\u00f3.\n<br>En este sentido, el candidato a senador de la Rep\u00fablica, Sa\u00fal Monreal \u00c1vila, se comprometi\u00f3 apoyar a Hern\u00e1ndez Ruedas, para que desde la Federaci\u00f3n, \u201ca Fresnillo le vaya bien\u201d.\n<br>\u201cYo le dije a Bennelly, le vamos ayudar para que haga un buen gobierno en Fresnillo, es mi compromiso y lo vamos a sacar adelante\u201d.\n<br>En la reuni\u00f3n tambi\u00e9n estuvieron presentes el senador Eli Cervantes Rojas, delegado en Zacatecas de la candidata presidencial, Claudia Sheinbaum Pardo; as\u00ed como la candidata a diputada federal, Soledad Lu\u00e9vano Cant\u00fa.\n<br>Los candidatos a diputaciones locales, Ashley Quintanar Mu\u00f1oz, Mart\u00edn \u00c1lvarez Casio y Ernesto Gonz\u00e1lez Romo.\n<br><\/p>\n\n\n\n<figure class=\"wp-block-image size-large\"><img loading=\"lazy\" decoding=\"async\" width=\"1024\" height=\"767\" src=\"http:\/\/web-zac.com\/wp-content\/uploads\/2024\/04\/img-20240421-wa02181163146393636553038-1024x767.jpg\" alt=\"\" class=\"wp-image-18890\" srcset=\"http:\/\/web-zac.com\/wp-content\/uploads\/2024\/04\/img-20240421-wa02181163146393636553038-1024x767.jpg 1024w, http:\/\/web-zac.com\/wp-content\/uploads\/2024\/04\/img-20240421-wa02181163146393636553038-300x225.jpg 300w, http:\/\/web-zac.com\/wp-content\/uploads\/2024\/04\/img-20240421-wa02181163146393636553038-768x575.jpg 768w, http:\/\/web-zac.com\/wp-content\/uploads\/2024\/04\/img-20240421-wa02181163146393636553038-1200x899.jpg 1200w, http:\/\/web-zac.com\/wp-content\/uploads\/2024\/04\/img-20240421-wa02181163146393636553038.jpg 1280w\" sizes=\"auto, (max-width: 1024px) 100vw, 1024px\" \/><\/figure>\n","protected":false},"excerpt":{"rendered":"<p>Fresnillo, Zac. \u2013 Este domingo, m\u00e1s de tres mil l\u00edderes morenistas de El Mineral, se aglomeraron en un mismo recinto, para refrendar su compromiso y respaldo por trabajar en unidad, para que el pr\u00f3ximo 2 de junio, el triunfo sea \u201c5 de 5\u201d. Con gran algarab\u00eda, los liderazgos de las estructuras en fraccionamientos, colonias y [&hellip;]<\/p>\n","protected":false},"author":3,"featured_media":18890,"comment_status":"open","ping_status":"open","sticky":false,"template":"","format":"standard","meta":{"footnotes":""},"categories":[3],"tags":[],"class_list":["post-18891","post","type-post","status-publish","format-standard","has-post-thumbnail","hentry","category-webpolitica"],"jetpack_featured_media_url":"http:\/\/web-zac.com\/wp-content\/uploads\/2024\/04\/img-20240421-wa02181163146393636553038.jpg","_links":{"self":[{"href":"http:\/\/web-zac.com\/index.php?rest_route=\/wp\/v2\/posts\/18891","targetHints":{"allow":["GET"]}}],"collection":[{"href":"http:\/\/web-zac.com\/index.php?rest_route=\/wp\/v2\/posts"}],"about":[{"href":"http:\/\/web-zac.com\/index.php?rest_route=\/wp\/v2\/types\/post"}],"author":[{"embeddable":true,"href":"http:\/\/web-zac.com\/index.php?rest_route=\/wp\/v2\/users\/3"}],"replies":[{"embeddable":true,"href":"http:\/\/web-zac.com\/index.php?rest_route=%2Fwp%2Fv2%2Fcomments&post=18891"}],"version-history":[{"count":1,"href":"http:\/\/web-zac.com\/index.php?rest_route=\/wp\/v2\/posts\/18891\/revisions"}],"predecessor-version":[{"id":18892,"href":"http:\/\/web-zac.com\/index.php?rest_route=\/wp\/v2\/posts\/18891\/revisions\/18892"}],"wp:featuredmedia":[{"embeddable":true,"href":"http:\/\/web-zac.com\/index.php?rest_route=\/wp\/v2\/media\/18890"}],"wp:attachment":[{"href":"http:\/\/web-zac.com\/index.php?rest_route=%2Fwp%2Fv2%2Fmedia&parent=18891"}],"wp:term":[{"taxonomy":"category","embeddable":true,"href":"http:\/\/web-zac.com\/index.php?rest_route=%2Fwp%2Fv2%2Fcategories&post=18891"},{"taxonomy":"post_tag","embeddable":true,"href":"http:\/\/web-zac.com\/index.php?rest_route=%2Fwp%2Fv2%2Ftags&post=18891"}],"curies":[{"name":"wp","href":"https:\/\/api.w.org\/{rel}","templated":true}]}}