{"id":18882,"date":"2024-04-21T20:54:24","date_gmt":"2024-04-22T01:54:24","guid":{"rendered":"http:\/\/web-zac.com\/?p=18882"},"modified":"2024-04-21T20:54:35","modified_gmt":"2024-04-22T01:54:35","slug":"saul-monreal-no-va-solo-al-senado","status":"publish","type":"post","link":"http:\/\/web-zac.com\/?p=18882","title":{"rendered":"SA\u00daL MONREAL NO VA SOLO AL SENADO \n<br>"},"content":{"rendered":"\n<figure class=\"wp-block-image size-large\"><img loading=\"lazy\" decoding=\"async\" width=\"1024\" height=\"683\" src=\"http:\/\/web-zac.com\/wp-content\/uploads\/2024\/04\/img-20240421-wa01797197386272151715801-1024x683.jpg\" alt=\"\" class=\"wp-image-18881\" srcset=\"http:\/\/web-zac.com\/wp-content\/uploads\/2024\/04\/img-20240421-wa01797197386272151715801-1024x683.jpg 1024w, http:\/\/web-zac.com\/wp-content\/uploads\/2024\/04\/img-20240421-wa01797197386272151715801-300x200.jpg 300w, http:\/\/web-zac.com\/wp-content\/uploads\/2024\/04\/img-20240421-wa01797197386272151715801-768x512.jpg 768w, http:\/\/web-zac.com\/wp-content\/uploads\/2024\/04\/img-20240421-wa01797197386272151715801-1536x1024.jpg 1536w, http:\/\/web-zac.com\/wp-content\/uploads\/2024\/04\/img-20240421-wa01797197386272151715801-1200x800.jpg 1200w, http:\/\/web-zac.com\/wp-content\/uploads\/2024\/04\/img-20240421-wa01797197386272151715801.jpg 1600w\" sizes=\"auto, (max-width: 1024px) 100vw, 1024px\" \/><\/figure>\n\n\n\n<p>\n<br>* M\u00e1s de tres mil ciudadanos \n<br>fueron convocados a la reuni\u00f3n de la unidad con \n<br>las y los candidatos de \u201cSigamos Haciendo Historia\u201d.\n<br>\n<br>En el rancho Chilito en Fresnillo, en una tarde calurosa, Sa\u00fal Monreal \u00c1vila, candidato al Senado por Zacatecas, El\u00ed Cervantes, representante pol\u00edtico de Claudia Sheinbaum en Zacatecas, Soledad Lu\u00e9vano del Distrito Federal I, Mart\u00edn \u00c1lvarez en el Distrito Local VII, Ashley Quintanar, Distrito Local VIII, Ernesto Gonz\u00e1lez Romo, Distrito Local VI y Bennelly Hern\u00e1ndez por la Presidencia de Fresnillo, mostraron lo que el pueblo de El Mineral y Zacatecas desea: la unidad.\n<br>\n<br>Sa\u00fal Monreal, en un ambiente familiar y de celebraci\u00f3n a la democracia, cit\u00f3 a m\u00e1s de 3 mil ciudadanas y ciudadanos de estructura, as\u00ed como militantes y simpatizantes de \u201cSigamos Haciendo Historia\u201d. Es de esta manera que mostr\u00f3 el m\u00fasculo de El Mineral, asimismo puso a disposici\u00f3n del pueblo las ideas que priman en el proyecto del Segundo Piso de la Cuarta Transformaci\u00f3n y que \u00e9l extender\u00e1 a la C\u00e1mara Alta. De esta manera, hizo \u00e9nfasis en que la unidad es la obligaci\u00f3n de todas y todos los candidatos, \u201cdebe prevalecer sobre todas las cosas en pol\u00edtica, si se quiere consolidar el triunfo en la elecci\u00f3n del pr\u00f3ximo dos de junio, la unidad\u201d.\n<br>\n<br>Al respecto, Monreal \u00c1vila, con mucho gusto por la concurrencia que acudi\u00f3 a la fiesta c\u00edvica, felicit\u00f3 al gran equipo que est\u00e1 en Fresnillo y que encabeza las preferencias seg\u00fan el term\u00f3metro del pueblo: \u201cEl mejor equipo para Zacatecas est\u00e1 aqu\u00ed\u201d. Tambi\u00e9n reconoci\u00f3 que las y los pol\u00edticos de la regi\u00f3n son muy comprometidos para la transformaci\u00f3n siendo capaces de convocar y acercarse paso a paso al triunfo: \u201cEsta es la reuni\u00f3n de la estructura de la unidad, aqu\u00ed vamos a trabajar el 5 de 5\u201d.\n<br>\n<br>\u201cLe ped\u00ed a Bennelly Hern\u00e1ndez; a Soledad Lu\u00e9vano que nos juntemos todos los equipos y miren nada m\u00e1s, qu\u00e9 gusto verles aqu\u00ed, ya se ve el triunfo. A partir de ahora, hago un llamado a las maestras y maestros, empresarios, universitarios, estudiantes, agricultores, campesinos, mineros, a todos; es momento de ir juntos por El Mineral y desde luego, por Zacatecas\u201d.\n<br>\n<br>\u2003\n<br>EL EQUIPO ESTUVO PRESENTE\n<br>\n<br>El trabajo territorial de Sa\u00fal Monreal \u00c1vila ser\u00e1 a nivel de colonias y comunidades, \u201call\u00ed es donde nos apoyemos; a Bennelly: Le vamos a ayudar para que haga un buen gobierno cuando sea alcalde. Desde la Ciudad de M\u00e9xico vamos a buscar las formas, a tocar puertas para que la pr\u00f3xima alcaldesa y los diputados federales y locales hagan un buen papel aqu\u00ed en Fresnillo, con quienes tambi\u00e9n hicimos un compromiso\u201d.\n<br>\n<br>Dijo tambi\u00e9n que la C\u00e1mara Baja tendr\u00e1 aliadas y aliados: \u201cSoledad, ella va a estar con Ricardo Monreal, ser\u00e1 una buena mancuerna; el compromiso es que sepa que tiene el apoyo, ellos nos van a ayudar para bajar m\u00e1s presupuestos para Fresnillo. Mi mensaje es real para que Mart\u00edn, Ashley y Ernesto, tambi\u00e9n ellos que van fuerte en lo local, tengan todo mi apoyo\u201d.\n<br>\n<br>El\u00ed Cervantes invit\u00f3 a la estructura ciudadana a que no pierda de vista el 5 de 5. Por su parte, Bennelly expuso que el respeto se ha preponderado entre los candidatos de la regi\u00f3n, \u201cMart\u00edn y yo vamos fuerte recorriendo Fresnillo. As\u00ed realmente se ha mostrado la unidad, hoy es una reuni\u00f3n de liderazgos, v\u00e9anse bien y recon\u00f3zcanse, aqu\u00ed est\u00e1n representadas todas las comunidades y colonias de nuestra casa, recuerden que vamos por la unidad, porque vamos por los 5 de 5.\u201d\n<br>\n<br>Soledad Lu\u00e9vano invit\u00f3 al trabajo en unidad, debemos apostar al crecimiento pol\u00edtico para darlo todo por Fresnillo y el estado de Zacatecas. En El Mineral, no queda la menor duda de que la gente ya decidi\u00f3, ser\u00e1 MORENA y la alianza pol\u00edtica con el PT y el Verde para que Sa\u00fal Monreal \u00c1vila sea el pr\u00f3ximo senador de la Rep\u00fablica de la mano de la primera mujer presidenta en la historia de M\u00e9xico, Claudia Sheinbaum Pardo, para que \u00a1Sigamos Haciendo Historia!\n<br><\/p>\n","protected":false},"excerpt":{"rendered":"<p>* M\u00e1s de tres mil ciudadanos fueron convocados a la reuni\u00f3n de la unidad con las y los candidatos de \u201cSigamos Haciendo Historia\u201d. En el rancho Chilito en Fresnillo, en una tarde calurosa, Sa\u00fal Monreal \u00c1vila, candidato al Senado por Zacatecas, El\u00ed Cervantes, representante pol\u00edtico de Claudia Sheinbaum en Zacatecas, Soledad Lu\u00e9vano del Distrito Federal [&hellip;]<\/p>\n","protected":false},"author":3,"featured_media":18881,"comment_status":"open","ping_status":"open","sticky":false,"template":"","format":"standard","meta":{"footnotes":""},"categories":[3],"tags":[],"class_list":["post-18882","post","type-post","status-publish","format-standard","has-post-thumbnail","hentry","category-webpolitica"],"jetpack_featured_media_url":"http:\/\/web-zac.com\/wp-content\/uploads\/2024\/04\/img-20240421-wa01797197386272151715801.jpg","_links":{"self":[{"href":"http:\/\/web-zac.com\/index.php?rest_route=\/wp\/v2\/posts\/18882","targetHints":{"allow":["GET"]}}],"collection":[{"href":"http:\/\/web-zac.com\/index.php?rest_route=\/wp\/v2\/posts"}],"about":[{"href":"http:\/\/web-zac.com\/index.php?rest_route=\/wp\/v2\/types\/post"}],"author":[{"embeddable":true,"href":"http:\/\/web-zac.com\/index.php?rest_route=\/wp\/v2\/users\/3"}],"replies":[{"embeddable":true,"href":"http:\/\/web-zac.com\/index.php?rest_route=%2Fwp%2Fv2%2Fcomments&post=18882"}],"version-history":[{"count":1,"href":"http:\/\/web-zac.com\/index.php?rest_route=\/wp\/v2\/posts\/18882\/revisions"}],"predecessor-version":[{"id":18883,"href":"http:\/\/web-zac.com\/index.php?rest_route=\/wp\/v2\/posts\/18882\/revisions\/18883"}],"wp:featuredmedia":[{"embeddable":true,"href":"http:\/\/web-zac.com\/index.php?rest_route=\/wp\/v2\/media\/18881"}],"wp:attachment":[{"href":"http:\/\/web-zac.com\/index.php?rest_route=%2Fwp%2Fv2%2Fmedia&parent=18882"}],"wp:term":[{"taxonomy":"category","embeddable":true,"href":"http:\/\/web-zac.com\/index.php?rest_route=%2Fwp%2Fv2%2Fcategories&post=18882"},{"taxonomy":"post_tag","embeddable":true,"href":"http:\/\/web-zac.com\/index.php?rest_route=%2Fwp%2Fv2%2Ftags&post=18882"}],"curies":[{"name":"wp","href":"https:\/\/api.w.org\/{rel}","templated":true}]}}