{"id":18873,"date":"2024-04-21T20:44:50","date_gmt":"2024-04-22T01:44:50","guid":{"rendered":"http:\/\/web-zac.com\/?p=18873"},"modified":"2024-04-21T20:45:01","modified_gmt":"2024-04-22T01:45:01","slug":"como-aliada-del-pueblo-vero-diaz-se-compromete-a-impulsar-becas-de-estudio-desde-preescolar-hasta-profesional","status":"publish","type":"post","link":"http:\/\/web-zac.com\/?p=18873","title":{"rendered":"Como aliada del pueblo, Vero D\u00edaz se compromete a Impulsar becas de estudio desde preescolar hasta profesional"},"content":{"rendered":"\n<p>\n<br>\n<br>-En el caso de las becas universitarias la propuesta es darles el duplicar el apoyo econ\u00f3mico\n<br>-Sostuvo un di\u00e1logo directo con la gente de la cabecera municipal y las comunidades de El Salto, Jaula de Abajo y Santa Ana\n<br>\n<br>La candidata al Senado de la Rep\u00fablica, Vero D\u00edaz, destac\u00f3 que ser\u00e1&nbsp; \u201caliada del pueblo\u201d, por lo que acompa\u00f1ar\u00e1 a Zacatecas para que sea prioridad y se alcance el 100 por ciento de becas para los estudiantes,&nbsp; desde preescolar hasta preparatoria, y el doble para quienes cursan la Universidad.\n<br>\n<br>Al entablar un di\u00e1logo con la ciudadan\u00eda del municipio de Pinos, se\u00f1al\u00f3 que trabajar\u00e1 de la mano de quien ser\u00e1 la pr\u00f3xima Presidenta de la Rep\u00fablica, Claudia Sheinbaum, y \u201cno les vamos a fallar, no le vamos a fallar a Zacatecas\u201d.\n<br>\n<br>De la misma forma propuso que el programa \u00abJ\u00f3venes Construyendo el Futuro\u00bb se eleve a rango constitucional, porque tiene como objetivo principal ofrecer oportunidades de formaci\u00f3n en el trabajo para j\u00f3venes de entre 18 y 29 a\u00f1os que no estudian ni trabajan.\n<br>\n<br>Explic\u00f3 que a trav\u00e9s de este programa se busca proporcionar una beca y capacitaciones que faciliten la inserci\u00f3n laboral, el desarrollo personal y profesional, adem\u00e1s de inculcar en los j\u00f3venes valores tales como la responsabilidad, el compromiso y la solidaridad, fundamentales para su \u00e9xito futuro tanto en el \u00e1mbito laboral como en el personal.\n<br>\n<br>La candidata hizo un brigadeo por el tianguis de la cabecera municipal, y posteriormente visit\u00f3 las comunidades de El Sitio, Jaula de Abajo y Santa Ana, donde pidi\u00f3 el apoyo a los habitantes para lograr el Plan C, una estrategia para asegurar que todos los beneficios y compromisos actuales de los programas sociales queden inscritos en la Constituci\u00f3n Mexicana.\n<br>\n<br>Explic\u00f3 que para lograr estos prop\u00f3sitos se requiere tener una mayor\u00eda calificada tanto en la C\u00e1mara de Diputados como en la C\u00e1mara de Senadores para su aprobaci\u00f3n.\n<br>\n<br>La candidata de MORENA Vero D\u00edaz expres\u00f3 el orgullo que le dar\u00eda representar a Zacatecas y trabajar para defender los derechos de los ciudadanos, especialmente los j\u00f3venes, asegurando su acceso a educaci\u00f3n y oportunidades laborales adecuadas.<\/p>\n\n\n\n<figure class=\"wp-block-image size-large\"><img loading=\"lazy\" decoding=\"async\" width=\"1024\" height=\"576\" src=\"http:\/\/web-zac.com\/wp-content\/uploads\/2024\/04\/img-20240421-wa02003261505354078720154-1024x576.jpg\" alt=\"\" class=\"wp-image-18872\" srcset=\"http:\/\/web-zac.com\/wp-content\/uploads\/2024\/04\/img-20240421-wa02003261505354078720154-1024x576.jpg 1024w, http:\/\/web-zac.com\/wp-content\/uploads\/2024\/04\/img-20240421-wa02003261505354078720154-300x169.jpg 300w, http:\/\/web-zac.com\/wp-content\/uploads\/2024\/04\/img-20240421-wa02003261505354078720154-768x432.jpg 768w, http:\/\/web-zac.com\/wp-content\/uploads\/2024\/04\/img-20240421-wa02003261505354078720154-1536x864.jpg 1536w, http:\/\/web-zac.com\/wp-content\/uploads\/2024\/04\/img-20240421-wa02003261505354078720154-1200x675.jpg 1200w, http:\/\/web-zac.com\/wp-content\/uploads\/2024\/04\/img-20240421-wa02003261505354078720154.jpg 1600w\" sizes=\"auto, (max-width: 1024px) 100vw, 1024px\" \/><\/figure>\n","protected":false},"excerpt":{"rendered":"<p>-En el caso de las becas universitarias la propuesta es darles el duplicar el apoyo econ\u00f3mico -Sostuvo un di\u00e1logo directo con la gente de la cabecera municipal y las comunidades de El Salto, Jaula de Abajo y Santa Ana La candidata al Senado de la Rep\u00fablica, Vero D\u00edaz, destac\u00f3 que ser\u00e1&nbsp; \u201caliada del pueblo\u201d, por [&hellip;]<\/p>\n","protected":false},"author":3,"featured_media":18872,"comment_status":"open","ping_status":"open","sticky":false,"template":"","format":"standard","meta":{"footnotes":""},"categories":[3],"tags":[],"class_list":["post-18873","post","type-post","status-publish","format-standard","has-post-thumbnail","hentry","category-webpolitica"],"jetpack_featured_media_url":"http:\/\/web-zac.com\/wp-content\/uploads\/2024\/04\/img-20240421-wa02003261505354078720154.jpg","_links":{"self":[{"href":"http:\/\/web-zac.com\/index.php?rest_route=\/wp\/v2\/posts\/18873","targetHints":{"allow":["GET"]}}],"collection":[{"href":"http:\/\/web-zac.com\/index.php?rest_route=\/wp\/v2\/posts"}],"about":[{"href":"http:\/\/web-zac.com\/index.php?rest_route=\/wp\/v2\/types\/post"}],"author":[{"embeddable":true,"href":"http:\/\/web-zac.com\/index.php?rest_route=\/wp\/v2\/users\/3"}],"replies":[{"embeddable":true,"href":"http:\/\/web-zac.com\/index.php?rest_route=%2Fwp%2Fv2%2Fcomments&post=18873"}],"version-history":[{"count":1,"href":"http:\/\/web-zac.com\/index.php?rest_route=\/wp\/v2\/posts\/18873\/revisions"}],"predecessor-version":[{"id":18874,"href":"http:\/\/web-zac.com\/index.php?rest_route=\/wp\/v2\/posts\/18873\/revisions\/18874"}],"wp:featuredmedia":[{"embeddable":true,"href":"http:\/\/web-zac.com\/index.php?rest_route=\/wp\/v2\/media\/18872"}],"wp:attachment":[{"href":"http:\/\/web-zac.com\/index.php?rest_route=%2Fwp%2Fv2%2Fmedia&parent=18873"}],"wp:term":[{"taxonomy":"category","embeddable":true,"href":"http:\/\/web-zac.com\/index.php?rest_route=%2Fwp%2Fv2%2Fcategories&post=18873"},{"taxonomy":"post_tag","embeddable":true,"href":"http:\/\/web-zac.com\/index.php?rest_route=%2Fwp%2Fv2%2Ftags&post=18873"}],"curies":[{"name":"wp","href":"https:\/\/api.w.org\/{rel}","templated":true}]}}