{"id":18870,"date":"2024-04-21T12:16:34","date_gmt":"2024-04-21T17:16:34","guid":{"rendered":"http:\/\/web-zac.com\/?p=18870"},"modified":"2024-04-21T12:16:48","modified_gmt":"2024-04-21T17:16:48","slug":"bely-y-beto-se-presentaran-en-zacatecas-para-celebrar-el-dia-del-nino-y-la-nina","status":"publish","type":"post","link":"http:\/\/web-zac.com\/?p=18870","title":{"rendered":"Bely y Beto se presentar\u00e1n en Zacatecas para celebrar el D\u00eda del Ni\u00f1o y la Ni\u00f1a<br>"},"content":{"rendered":"\n<figure class=\"wp-block-image size-large\"><img loading=\"lazy\" decoding=\"async\" width=\"1024\" height=\"536\" src=\"http:\/\/web-zac.com\/wp-content\/uploads\/2024\/04\/img-20240419-wa01213351924960055081350-1024x536.jpg\" alt=\"\" class=\"wp-image-18869\" srcset=\"http:\/\/web-zac.com\/wp-content\/uploads\/2024\/04\/img-20240419-wa01213351924960055081350-1024x536.jpg 1024w, http:\/\/web-zac.com\/wp-content\/uploads\/2024\/04\/img-20240419-wa01213351924960055081350-300x157.jpg 300w, http:\/\/web-zac.com\/wp-content\/uploads\/2024\/04\/img-20240419-wa01213351924960055081350-768x402.jpg 768w, http:\/\/web-zac.com\/wp-content\/uploads\/2024\/04\/img-20240419-wa01213351924960055081350-1536x804.jpg 1536w, http:\/\/web-zac.com\/wp-content\/uploads\/2024\/04\/img-20240419-wa01213351924960055081350-1200x628.jpg 1200w, http:\/\/web-zac.com\/wp-content\/uploads\/2024\/04\/img-20240419-wa01213351924960055081350.jpg 1600w\" sizes=\"auto, (max-width: 1024px) 100vw, 1024px\" \/><\/figure>\n\n\n\n<p><br>\u25aa\ufe0f&nbsp;&nbsp; El evento ser\u00e1 el 26 de abril, a partir de las 18:00 horas; iniciar\u00e1 con un divertido show de payasos y muchas sorpresas<br><br>Zacatecas, Zac., 19 de abril de 2024.- El proyecto musical infantil de Bely y Beto se presentar\u00e1 este 26 de abril, en las instalaciones de la Feria Nacional de Zacatecas, con el prop\u00f3sito de celebrar a la ni\u00f1ez en su d\u00eda, en el marco de las actividades de la Agenda por la Paz, en un evento familiar y seguro.<br><br>A partir de las 18:00 horas, las actividades comenzar\u00e1n con un divertido show de payasos, adem\u00e1s de muchas sorpresas. Para esta celebraci\u00f3n, se espera la participaci\u00f3n de familias enteras, quienes podr\u00e1n gozar de un espect\u00e1culo de primer nivel. <br><br>Este famoso espect\u00e1culo tiene una trayectoria de m\u00e1s dos d\u00e9cadas, desde que Belinda Trevi\u00f1o construy\u00f3 su carrera como animadora infantil local, pero fue hasta que dej\u00f3 la televisi\u00f3n y se enfoc\u00f3 en las redes sociales que su proyecto Bely y Beto se convirti\u00f3 en un fen\u00f3meno, llegando a tener m\u00e1s de 11 millones de suscriptores en su canal de Youtube.<br><br>En su espect\u00e1culo destaca la interpretaci\u00f3n de canciones como \u201cEl Baile de Pepo\u201d, \u201cVampiro Chimuelo\u201d y \u201cLa Pepo Cumbia\u201d, entre otras que han grabado para el disfrute de las y los peque\u00f1os, llegando a m\u00e1s de 564 mil oyentes mensuales en plataformas digitales. <br><br>Bely y Beto, dos personajes que han conquistado los corazones de ni\u00f1os de todas las edades, llegan con un impresionante y nuevo espect\u00e1culo para bailar y cantar con el p\u00fablico m\u00e1s noble. <br><br>\u2014ooOoo\u2014<\/p>\n","protected":false},"excerpt":{"rendered":"<p>\u25aa\ufe0f&nbsp;&nbsp; El evento ser\u00e1 el 26 de abril, a partir de las 18:00 horas; iniciar\u00e1 con un divertido show de payasos y muchas sorpresas Zacatecas, Zac., 19 de abril de 2024.- El proyecto musical infantil de Bely y Beto se presentar\u00e1 este 26 de abril, en las instalaciones de la Feria Nacional de Zacatecas, con [&hellip;]<\/p>\n","protected":false},"author":3,"featured_media":18869,"comment_status":"open","ping_status":"open","sticky":false,"template":"","format":"standard","meta":{"footnotes":""},"categories":[3],"tags":[],"class_list":["post-18870","post","type-post","status-publish","format-standard","has-post-thumbnail","hentry","category-webpolitica"],"jetpack_featured_media_url":"http:\/\/web-zac.com\/wp-content\/uploads\/2024\/04\/img-20240419-wa01213351924960055081350.jpg","_links":{"self":[{"href":"http:\/\/web-zac.com\/index.php?rest_route=\/wp\/v2\/posts\/18870","targetHints":{"allow":["GET"]}}],"collection":[{"href":"http:\/\/web-zac.com\/index.php?rest_route=\/wp\/v2\/posts"}],"about":[{"href":"http:\/\/web-zac.com\/index.php?rest_route=\/wp\/v2\/types\/post"}],"author":[{"embeddable":true,"href":"http:\/\/web-zac.com\/index.php?rest_route=\/wp\/v2\/users\/3"}],"replies":[{"embeddable":true,"href":"http:\/\/web-zac.com\/index.php?rest_route=%2Fwp%2Fv2%2Fcomments&post=18870"}],"version-history":[{"count":1,"href":"http:\/\/web-zac.com\/index.php?rest_route=\/wp\/v2\/posts\/18870\/revisions"}],"predecessor-version":[{"id":18871,"href":"http:\/\/web-zac.com\/index.php?rest_route=\/wp\/v2\/posts\/18870\/revisions\/18871"}],"wp:featuredmedia":[{"embeddable":true,"href":"http:\/\/web-zac.com\/index.php?rest_route=\/wp\/v2\/media\/18869"}],"wp:attachment":[{"href":"http:\/\/web-zac.com\/index.php?rest_route=%2Fwp%2Fv2%2Fmedia&parent=18870"}],"wp:term":[{"taxonomy":"category","embeddable":true,"href":"http:\/\/web-zac.com\/index.php?rest_route=%2Fwp%2Fv2%2Fcategories&post=18870"},{"taxonomy":"post_tag","embeddable":true,"href":"http:\/\/web-zac.com\/index.php?rest_route=%2Fwp%2Fv2%2Ftags&post=18870"}],"curies":[{"name":"wp","href":"https:\/\/api.w.org\/{rel}","templated":true}]}}