{"id":18844,"date":"2024-04-19T22:22:56","date_gmt":"2024-04-20T03:22:56","guid":{"rendered":"http:\/\/web-zac.com\/?p=18844"},"modified":"2024-04-19T22:23:20","modified_gmt":"2024-04-20T03:23:20","slug":"compromete-vero-diaz-impulsar-la-economia-social-desde-el-senado-de-la-republica","status":"publish","type":"post","link":"http:\/\/web-zac.com\/?p=18844","title":{"rendered":"Compromete Vero D\u00edaz impulsar la econom\u00eda social desde el Senado de la Rep\u00fablica\n<br>"},"content":{"rendered":"\n<figure class=\"wp-block-image size-large\"><img loading=\"lazy\" decoding=\"async\" width=\"1024\" height=\"694\" src=\"http:\/\/web-zac.com\/wp-content\/uploads\/2024\/04\/img-20240419-wa01924792451174876493415-1024x694.jpg\" alt=\"\" class=\"wp-image-18843\" srcset=\"http:\/\/web-zac.com\/wp-content\/uploads\/2024\/04\/img-20240419-wa01924792451174876493415-1024x694.jpg 1024w, http:\/\/web-zac.com\/wp-content\/uploads\/2024\/04\/img-20240419-wa01924792451174876493415-300x203.jpg 300w, http:\/\/web-zac.com\/wp-content\/uploads\/2024\/04\/img-20240419-wa01924792451174876493415-768x520.jpg 768w, http:\/\/web-zac.com\/wp-content\/uploads\/2024\/04\/img-20240419-wa01924792451174876493415-1200x813.jpg 1200w, http:\/\/web-zac.com\/wp-content\/uploads\/2024\/04\/img-20240419-wa01924792451174876493415.jpg 1359w\" sizes=\"auto, (max-width: 1024px) 100vw, 1024px\" \/><\/figure>\n\n\n\n<p>\n<br>-Ser\u00e1 una legisladora activa y proactiva en el territorio\n<br>\n<br>En su recorrido por el municipio de Luis Moya, la candidata de Morena al Senado de la Rep\u00fablica, Vero D\u00edaz, afirm\u00f3 que ser\u00e1 una legisladora activa y proactiva en territorio.\n<br>\n<br>Acompa\u00f1ada por las brigadas de la esperanza en un recorrido por los negocios de la cabecera municipal, Vero D\u00edaz reiter\u00f3 su compromiso de trabajar por el bienestar de las familias de Zacatecas y M\u00e9xico, por lo que puntualiz\u00f3 que impulsar\u00e1 la pensi\u00f3n para mujeres a partir de los 60 a\u00f1os, la beca para estudiantes a partir de preescolar e impulsar\u00e1 el desarrollo educativo. \n<br>\n<br>La candidata de la coalici\u00f3n Sigamos Haciendo Historia se\u00f1al\u00f3 que siempre pondr\u00e1 al pueblo en el centro de las decisiones, para crear iniciativas que realmente brinden mayor bienestar a las familias.\n<br>\n<br>\u00abDeseo ser una senadora no solamente activa en el \u00e1mbito parlamentario, sino tambi\u00e9n ser proactiva en territorio. Siempre estar\u00e9 atenta a las gestiones que sean necesarias para el beneficio del estado\u00bb, puntualiz\u00f3.\n<br>\n<br>En recorrido por el municipio de Luis Moya, Vero D\u00edaz se reuni\u00f3 con empresarios textileros, vinicultores y comerciantes de la localidad, a quienes les se\u00f1al\u00f3 que el segundo piso de la transformaci\u00f3n permitir\u00e1 darle continuidad a las acciones de bienestar que permiten impulsar la econom\u00eda social en la regi\u00f3n.\n<br>\n<br>En una asamblea informativa en el centro de municipio, la morenista solicit\u00f3 a los diferentes sectores del municipio su apoyo, para que el pr\u00f3ximo 2 de junio el triunfo sea contundente y se consolide el segundo piso de la Transformaci\u00f3n del pa\u00eds.\n<br>\n<br>A\u00f1adi\u00f3 que, como senadora, ser\u00e1 una gestora incansable para Zacatecas, para solucionar las principales necesidades de los municipios. \n<br>\n<br>Estoy convencida que con la pr\u00f3xima presidenta M\u00e9xico, Claudia Sheinbaum, con Vero D\u00edaz al senado y el apoyo de las diputadas y diputados locales y federales, as\u00ed como con los alcaldes de la cuarta transformaci\u00f3n se lograr\u00e1 que Zacatecas siga avanzando por la ruta del progreso.<\/p>\n","protected":false},"excerpt":{"rendered":"<p>-Ser\u00e1 una legisladora activa y proactiva en el territorio En su recorrido por el municipio de Luis Moya, la candidata de Morena al Senado de la Rep\u00fablica, Vero D\u00edaz, afirm\u00f3 que ser\u00e1 una legisladora activa y proactiva en territorio. Acompa\u00f1ada por las brigadas de la esperanza en un recorrido por los negocios de la cabecera [&hellip;]<\/p>\n","protected":false},"author":3,"featured_media":18843,"comment_status":"open","ping_status":"open","sticky":false,"template":"","format":"standard","meta":{"footnotes":""},"categories":[3],"tags":[],"class_list":["post-18844","post","type-post","status-publish","format-standard","has-post-thumbnail","hentry","category-webpolitica"],"jetpack_featured_media_url":"http:\/\/web-zac.com\/wp-content\/uploads\/2024\/04\/img-20240419-wa01924792451174876493415.jpg","_links":{"self":[{"href":"http:\/\/web-zac.com\/index.php?rest_route=\/wp\/v2\/posts\/18844","targetHints":{"allow":["GET"]}}],"collection":[{"href":"http:\/\/web-zac.com\/index.php?rest_route=\/wp\/v2\/posts"}],"about":[{"href":"http:\/\/web-zac.com\/index.php?rest_route=\/wp\/v2\/types\/post"}],"author":[{"embeddable":true,"href":"http:\/\/web-zac.com\/index.php?rest_route=\/wp\/v2\/users\/3"}],"replies":[{"embeddable":true,"href":"http:\/\/web-zac.com\/index.php?rest_route=%2Fwp%2Fv2%2Fcomments&post=18844"}],"version-history":[{"count":1,"href":"http:\/\/web-zac.com\/index.php?rest_route=\/wp\/v2\/posts\/18844\/revisions"}],"predecessor-version":[{"id":18845,"href":"http:\/\/web-zac.com\/index.php?rest_route=\/wp\/v2\/posts\/18844\/revisions\/18845"}],"wp:featuredmedia":[{"embeddable":true,"href":"http:\/\/web-zac.com\/index.php?rest_route=\/wp\/v2\/media\/18843"}],"wp:attachment":[{"href":"http:\/\/web-zac.com\/index.php?rest_route=%2Fwp%2Fv2%2Fmedia&parent=18844"}],"wp:term":[{"taxonomy":"category","embeddable":true,"href":"http:\/\/web-zac.com\/index.php?rest_route=%2Fwp%2Fv2%2Fcategories&post=18844"},{"taxonomy":"post_tag","embeddable":true,"href":"http:\/\/web-zac.com\/index.php?rest_route=%2Fwp%2Fv2%2Ftags&post=18844"}],"curies":[{"name":"wp","href":"https:\/\/api.w.org\/{rel}","templated":true}]}}