{"id":18838,"date":"2024-04-18T20:57:50","date_gmt":"2024-04-19T01:57:50","guid":{"rendered":"http:\/\/web-zac.com\/?p=18838"},"modified":"2024-04-18T20:58:32","modified_gmt":"2024-04-19T01:58:32","slug":"impulsara-vero-diaz-la-justicia-para-las-mujeres-desde-el-senado-de-la-republica","status":"publish","type":"post","link":"http:\/\/web-zac.com\/?p=18838","title":{"rendered":"Impulsar\u00e1 Vero D\u00edaz la justicia para las mujeres desde el Senado de la Rep\u00fablica"},"content":{"rendered":"\n<figure class=\"wp-block-image size-large\"><img loading=\"lazy\" decoding=\"async\" width=\"1024\" height=\"683\" src=\"http:\/\/web-zac.com\/wp-content\/uploads\/2024\/04\/img-20240418-wa01866059215709984243619-1024x683.jpg\" alt=\"\" class=\"wp-image-18837\" srcset=\"http:\/\/web-zac.com\/wp-content\/uploads\/2024\/04\/img-20240418-wa01866059215709984243619-1024x683.jpg 1024w, http:\/\/web-zac.com\/wp-content\/uploads\/2024\/04\/img-20240418-wa01866059215709984243619-300x200.jpg 300w, http:\/\/web-zac.com\/wp-content\/uploads\/2024\/04\/img-20240418-wa01866059215709984243619-768x512.jpg 768w, http:\/\/web-zac.com\/wp-content\/uploads\/2024\/04\/img-20240418-wa01866059215709984243619-1200x801.jpg 1200w, http:\/\/web-zac.com\/wp-content\/uploads\/2024\/04\/img-20240418-wa01866059215709984243619.jpg 1280w\" sizes=\"auto, (max-width: 1024px) 100vw, 1024px\" \/><\/figure>\n\n\n\n<p>-Enarbola las propuestas de la pr\u00f3xima Presidenta de M\u00e9xico, Claudia Sheinbaum<br \/>-Las mujeres de 60 a 64 a\u00f1os recibir\u00e1n un apoyo bimestral<\/p>\n\n\n\n<p>\u00abEs momento de legislar en favor de las mujeres\u00bb, se\u00f1al\u00f3 la candidata al Senado de la Rep\u00fablica por la coalici\u00f3n \u00abSigamos Haciendo Historia\u00bb, Vero D\u00edaz, porque es de aut\u00e9ntica justicia darle bienestar a quien ha construido el pa\u00eds desde el n\u00facleo familiar.<\/p>\n\n\n\n<p>En la comunidad de Sauceda de la Borda, del municipio de Vetagrande, la candidata al Senado puntualiz\u00f3 que, desde la m\u00e1xima tribuna, respaldar\u00e1 e impulsar\u00e1 la propuesta de quien ser\u00e1 la primera mujer Presidenta de M\u00e9xico, Claudia Sheinbaum, para que las mujeres reciban la pensi\u00f3n del Bienestar a partir de los 60 a\u00f1os.<\/p>\n\n\n\n<p>Estableci\u00f3 que es en retribuci\u00f3n a las mujeres que han dedicado su vida al cuidado de sus familias y que han hecho una mejor sociedad, por lo que es momento de que puedan gozar de autonom\u00eda y bienestar.<\/p>\n\n\n\n<p>Al caminar por las calles de la comunidad y visitar casa por casa para exponer su propuesta y conocer las necesidades de la gente, Vero D\u00edaz detall\u00f3 que su prop\u00f3sito es generar mayor bienestar a las familias.<\/p>\n\n\n\n<p>Refiri\u00f3 que, como Senadora de la Rep\u00fablica, legislar\u00e1 para garantizar a las y los estudiantes una beca a partir del nivel preescolar, con la finalidad de que en ninguna etapa acad\u00e9mica abandonen sus estudios por falta de recursos econ\u00f3micos y logren cumplir sus metas.<\/p>\n\n\n\n<p>En la comunidad de San Jos\u00e9 de la Era, Vero D\u00edaz manifest\u00f3 que llevar\u00e1 a lo largo y ancho del estado el mensaje de bienestar enunciado por la pr\u00f3xima Presidenta de M\u00e9xico, Claudia Sheinbaum, para que el pr\u00f3ximo 2 de junio el triunfo sea contundente y se consolide el segundo piso de la Transformaci\u00f3n del pa\u00eds.<\/p>\n","protected":false},"excerpt":{"rendered":"<p>-Enarbola las propuestas de la pr\u00f3xima Presidenta de M\u00e9xico, Claudia Sheinbaum-Las mujeres de 60 a 64 a\u00f1os recibir\u00e1n un apoyo bimestral \u00abEs momento de legislar en favor de las mujeres\u00bb, se\u00f1al\u00f3 la candidata al Senado de la Rep\u00fablica por la coalici\u00f3n \u00abSigamos Haciendo Historia\u00bb, Vero D\u00edaz, porque es de aut\u00e9ntica justicia darle bienestar a quien [&hellip;]<\/p>\n","protected":false},"author":3,"featured_media":18837,"comment_status":"open","ping_status":"open","sticky":false,"template":"","format":"standard","meta":{"footnotes":""},"categories":[3],"tags":[],"class_list":["post-18838","post","type-post","status-publish","format-standard","has-post-thumbnail","hentry","category-webpolitica"],"jetpack_featured_media_url":"http:\/\/web-zac.com\/wp-content\/uploads\/2024\/04\/img-20240418-wa01866059215709984243619.jpg","_links":{"self":[{"href":"http:\/\/web-zac.com\/index.php?rest_route=\/wp\/v2\/posts\/18838","targetHints":{"allow":["GET"]}}],"collection":[{"href":"http:\/\/web-zac.com\/index.php?rest_route=\/wp\/v2\/posts"}],"about":[{"href":"http:\/\/web-zac.com\/index.php?rest_route=\/wp\/v2\/types\/post"}],"author":[{"embeddable":true,"href":"http:\/\/web-zac.com\/index.php?rest_route=\/wp\/v2\/users\/3"}],"replies":[{"embeddable":true,"href":"http:\/\/web-zac.com\/index.php?rest_route=%2Fwp%2Fv2%2Fcomments&post=18838"}],"version-history":[{"count":1,"href":"http:\/\/web-zac.com\/index.php?rest_route=\/wp\/v2\/posts\/18838\/revisions"}],"predecessor-version":[{"id":18839,"href":"http:\/\/web-zac.com\/index.php?rest_route=\/wp\/v2\/posts\/18838\/revisions\/18839"}],"wp:featuredmedia":[{"embeddable":true,"href":"http:\/\/web-zac.com\/index.php?rest_route=\/wp\/v2\/media\/18837"}],"wp:attachment":[{"href":"http:\/\/web-zac.com\/index.php?rest_route=%2Fwp%2Fv2%2Fmedia&parent=18838"}],"wp:term":[{"taxonomy":"category","embeddable":true,"href":"http:\/\/web-zac.com\/index.php?rest_route=%2Fwp%2Fv2%2Fcategories&post=18838"},{"taxonomy":"post_tag","embeddable":true,"href":"http:\/\/web-zac.com\/index.php?rest_route=%2Fwp%2Fv2%2Ftags&post=18838"}],"curies":[{"name":"wp","href":"https:\/\/api.w.org\/{rel}","templated":true}]}}