{"id":18835,"date":"2024-04-18T17:21:33","date_gmt":"2024-04-18T22:21:33","guid":{"rendered":"http:\/\/web-zac.com\/?p=18835"},"modified":"2024-04-18T17:21:42","modified_gmt":"2024-04-18T22:21:42","slug":"quiero-ser-el-diputado-de-los-ganaderos-martin-alvarez","status":"publish","type":"post","link":"http:\/\/web-zac.com\/?p=18835","title":{"rendered":"QUIERO SER EL DIPUTADO DE LOS GANADEROS\u201d: MART\u00cdN \u00c1LVAREZ&nbsp;"},"content":{"rendered":"\n<p>\n<br>\u2022\tEl aspirante a la diputaci\u00f3n local se reuni\u00f3 con m\u00e1s de 100 ganaderos en Fresnillo\n<br>\n<br>Fresnillo, Zac.- Mart\u00edn \u00c1lvarez Casio, preocupado por los intereses de los fresnillenses, se reuni\u00f3 con el sector ganadero para refrendar el compromiso de que \u201clo que les duela ser\u00e1 escuchado en la tribuna del Congreso Local\u201d.\n<br>El aspirante a la diputaci\u00f3n local por la coalici\u00f3n Seguimos Haciendo Historia (Morena y PVEM) escuch\u00f3 atentamente las peticiones de los presentes, quienes externaron las problem\u00e1ticas principales para los ganaderos, entre ellas la sequ\u00eda, la falta de alimentos, as\u00ed como las plagas en los animales.\n<br>\u00c1lvarez Casio mencion\u00f3 que, desde su curul en la Legislatura, gestionar\u00e1 mayores beneficios para el campo fresnillense, pues \u201ces un sector que ha pasado situaciones dif\u00edciles y contin\u00faan en pie de lucha. Por eso, sus causas ser\u00e1n m\u00edas\u201d, refiri\u00f3. \n<br>En la reuni\u00f3n tambi\u00e9n particip\u00f3 Bennelly Hern\u00e1ndez, candidata a presidenta municipal, quien refiri\u00f3 que se trabajar\u00e1 en equipo con Mart\u00edn \u00c1lvarez para cumplir con los compromisos asumidos y garantizar que los proyectos del sector lleguen a todos. \n<br>Al evento, acudieron ganaderos de las comunidades El Mezquite, 6 de Enero, Francisco I. Madero, Plateros, Las Mercedes, Ojo de Agua de Tule, San Miguel del Vergel y Mendoza, pertenecientes al Distrito VII. \n<br>\n<br>\n<br><\/p>\n\n\n\n<figure class=\"wp-block-image size-large\"><img loading=\"lazy\" decoding=\"async\" width=\"1024\" height=\"768\" src=\"http:\/\/web-zac.com\/wp-content\/uploads\/2024\/04\/img-20240417-wa01095942392313969497061-1024x768.jpg\" alt=\"\" class=\"wp-image-18834\" srcset=\"http:\/\/web-zac.com\/wp-content\/uploads\/2024\/04\/img-20240417-wa01095942392313969497061-1024x768.jpg 1024w, http:\/\/web-zac.com\/wp-content\/uploads\/2024\/04\/img-20240417-wa01095942392313969497061-300x225.jpg 300w, http:\/\/web-zac.com\/wp-content\/uploads\/2024\/04\/img-20240417-wa01095942392313969497061-768x576.jpg 768w, http:\/\/web-zac.com\/wp-content\/uploads\/2024\/04\/img-20240417-wa01095942392313969497061-1536x1152.jpg 1536w, http:\/\/web-zac.com\/wp-content\/uploads\/2024\/04\/img-20240417-wa01095942392313969497061-1200x900.jpg 1200w, http:\/\/web-zac.com\/wp-content\/uploads\/2024\/04\/img-20240417-wa01095942392313969497061.jpg 1600w\" sizes=\"auto, (max-width: 1024px) 100vw, 1024px\" \/><\/figure>\n","protected":false},"excerpt":{"rendered":"<p>\u2022 El aspirante a la diputaci\u00f3n local se reuni\u00f3 con m\u00e1s de 100 ganaderos en Fresnillo Fresnillo, Zac.- Mart\u00edn \u00c1lvarez Casio, preocupado por los intereses de los fresnillenses, se reuni\u00f3 con el sector ganadero para refrendar el compromiso de que \u201clo que les duela ser\u00e1 escuchado en la tribuna del Congreso Local\u201d. El aspirante a [&hellip;]<\/p>\n","protected":false},"author":3,"featured_media":18834,"comment_status":"open","ping_status":"open","sticky":false,"template":"","format":"standard","meta":{"footnotes":""},"categories":[3],"tags":[],"class_list":["post-18835","post","type-post","status-publish","format-standard","has-post-thumbnail","hentry","category-webpolitica"],"jetpack_featured_media_url":"http:\/\/web-zac.com\/wp-content\/uploads\/2024\/04\/img-20240417-wa01095942392313969497061.jpg","_links":{"self":[{"href":"http:\/\/web-zac.com\/index.php?rest_route=\/wp\/v2\/posts\/18835","targetHints":{"allow":["GET"]}}],"collection":[{"href":"http:\/\/web-zac.com\/index.php?rest_route=\/wp\/v2\/posts"}],"about":[{"href":"http:\/\/web-zac.com\/index.php?rest_route=\/wp\/v2\/types\/post"}],"author":[{"embeddable":true,"href":"http:\/\/web-zac.com\/index.php?rest_route=\/wp\/v2\/users\/3"}],"replies":[{"embeddable":true,"href":"http:\/\/web-zac.com\/index.php?rest_route=%2Fwp%2Fv2%2Fcomments&post=18835"}],"version-history":[{"count":1,"href":"http:\/\/web-zac.com\/index.php?rest_route=\/wp\/v2\/posts\/18835\/revisions"}],"predecessor-version":[{"id":18836,"href":"http:\/\/web-zac.com\/index.php?rest_route=\/wp\/v2\/posts\/18835\/revisions\/18836"}],"wp:featuredmedia":[{"embeddable":true,"href":"http:\/\/web-zac.com\/index.php?rest_route=\/wp\/v2\/media\/18834"}],"wp:attachment":[{"href":"http:\/\/web-zac.com\/index.php?rest_route=%2Fwp%2Fv2%2Fmedia&parent=18835"}],"wp:term":[{"taxonomy":"category","embeddable":true,"href":"http:\/\/web-zac.com\/index.php?rest_route=%2Fwp%2Fv2%2Fcategories&post=18835"},{"taxonomy":"post_tag","embeddable":true,"href":"http:\/\/web-zac.com\/index.php?rest_route=%2Fwp%2Fv2%2Ftags&post=18835"}],"curies":[{"name":"wp","href":"https:\/\/api.w.org\/{rel}","templated":true}]}}