{"id":18814,"date":"2024-04-18T16:35:45","date_gmt":"2024-04-18T21:35:45","guid":{"rendered":"http:\/\/web-zac.com\/?p=18814"},"modified":"2024-04-18T16:36:11","modified_gmt":"2024-04-18T21:36:11","slug":"con-actividades-culturales-celebraran-a-ninas-y-ninos-de-zacatecas","status":"publish","type":"post","link":"http:\/\/web-zac.com\/?p=18814","title":{"rendered":"Con actividades culturales, celebrar\u00e1n a ni\u00f1as y ni\u00f1os de Zacatecas"},"content":{"rendered":"\n<p><br> <br>\u25fc\tLa capital y 10 municipios ser\u00e1n sede de estas actividades, a desarrollarse del 24 al 30 de abril<br>\u25fc\tLa programaci\u00f3n estar\u00e1 conformada por el trabajo esc\u00e9nico de Teatro Boel, de la Caja Teatro, La Ci\u00e9nega Teatro, Demente Teatro, entre otros<br> <br>Zacatecas, Zac., 18 de abril de 2024.- Con m\u00e1s de 20 actividades y la participaci\u00f3n de 10 agrupaciones y creadores de la entidad, del 24 al 30 de abril, el Instituto Zacatecano de Cultura \u201cRam\u00f3n L\u00f3pez Velarde\u201d (IZC) llevar\u00e1 a cabo un programa especial denominado \u201cRevuelo Revoltoso\u201d, en el marco del D\u00eda del Ni\u00f1o y la Ni\u00f1a.<br> <br>Durante siete d\u00edas, diversas sedes se convertir\u00e1n en el escenario perfecto para celebrar a las ni\u00f1as y los ni\u00f1os; entre \u00e9stas se encuentran la Fototeca de Zacatecas, el Museo Rafael Coronel, el Museo Zacatecano y el Teatro Fernando Calder\u00f3n.<br><br>Adem\u00e1s, las actividades se extender\u00e1n a municipios como Jalpa, Huanusco, Fresnillo, P\u00e1nfilo Natera, Villa Hidalgo, Juan Aldama, Guadalupe, Enrique Estrada, Villanueva y Vetagrande.<br><br>Este programa especial contar\u00e1 con la participaci\u00f3n de compa\u00f1\u00edas y creadores zacatecanos, que ofrecer\u00e1n una variedad de propuestas art\u00edsticas y culturales para disfrute de toda la familia, tales como las actuaciones de Julia Robles, Teatro Boel, de la Caja Teatro, La Ci\u00e9nega Teatro, Demente Teatro, Parvada Teatro, La Corte de los Milagros, Colectivo F\u00e1bula Meraki y el Colectivo Flores del Desierto.<br> <br>Con espect\u00e1culos de teatro, m\u00fasica, cuentacuentos y otras actividades l\u00fadicas, este programa especial, que realizar\u00e1 el IZC, a trav\u00e9s del Programa de Alas y Ra\u00edces Zacatecas, busca brindar momentos de alegr\u00eda, creatividad y diversi\u00f3n para celebrar a las ni\u00f1as y los ni\u00f1os con motivo de su d\u00eda.<br><br>\u2014ooOoo\u2014<\/p>\n\n\n\n<figure class=\"wp-block-image size-large\"><img loading=\"lazy\" decoding=\"async\" width=\"1024\" height=\"682\" src=\"http:\/\/web-zac.com\/wp-content\/uploads\/2024\/04\/img-20240418-wa00962915146678081167079-1024x682.jpg\" alt=\"\" class=\"wp-image-18813\" srcset=\"http:\/\/web-zac.com\/wp-content\/uploads\/2024\/04\/img-20240418-wa00962915146678081167079-1024x682.jpg 1024w, http:\/\/web-zac.com\/wp-content\/uploads\/2024\/04\/img-20240418-wa00962915146678081167079-300x200.jpg 300w, http:\/\/web-zac.com\/wp-content\/uploads\/2024\/04\/img-20240418-wa00962915146678081167079-768x512.jpg 768w, http:\/\/web-zac.com\/wp-content\/uploads\/2024\/04\/img-20240418-wa00962915146678081167079-1536x1023.jpg 1536w, http:\/\/web-zac.com\/wp-content\/uploads\/2024\/04\/img-20240418-wa00962915146678081167079-1200x800.jpg 1200w, http:\/\/web-zac.com\/wp-content\/uploads\/2024\/04\/img-20240418-wa00962915146678081167079.jpg 1600w\" sizes=\"auto, (max-width: 1024px) 100vw, 1024px\" \/><\/figure>\n","protected":false},"excerpt":{"rendered":"<p>\u25fc La capital y 10 municipios ser\u00e1n sede de estas actividades, a desarrollarse del 24 al 30 de abril\u25fc La programaci\u00f3n estar\u00e1 conformada por el trabajo esc\u00e9nico de Teatro Boel, de la Caja Teatro, La Ci\u00e9nega Teatro, Demente Teatro, entre otros Zacatecas, Zac., 18 de abril de 2024.- Con m\u00e1s de 20 actividades y la [&hellip;]<\/p>\n","protected":false},"author":3,"featured_media":18813,"comment_status":"open","ping_status":"open","sticky":false,"template":"","format":"standard","meta":{"footnotes":""},"categories":[11,4,22,6],"tags":[],"class_list":["post-18814","post","type-post","status-publish","format-standard","has-post-thumbnail","hentry","category-cultura","category-webgobierno","category-gobierno","category-webmunicipios"],"jetpack_featured_media_url":"http:\/\/web-zac.com\/wp-content\/uploads\/2024\/04\/img-20240418-wa00962915146678081167079.jpg","_links":{"self":[{"href":"http:\/\/web-zac.com\/index.php?rest_route=\/wp\/v2\/posts\/18814","targetHints":{"allow":["GET"]}}],"collection":[{"href":"http:\/\/web-zac.com\/index.php?rest_route=\/wp\/v2\/posts"}],"about":[{"href":"http:\/\/web-zac.com\/index.php?rest_route=\/wp\/v2\/types\/post"}],"author":[{"embeddable":true,"href":"http:\/\/web-zac.com\/index.php?rest_route=\/wp\/v2\/users\/3"}],"replies":[{"embeddable":true,"href":"http:\/\/web-zac.com\/index.php?rest_route=%2Fwp%2Fv2%2Fcomments&post=18814"}],"version-history":[{"count":1,"href":"http:\/\/web-zac.com\/index.php?rest_route=\/wp\/v2\/posts\/18814\/revisions"}],"predecessor-version":[{"id":18815,"href":"http:\/\/web-zac.com\/index.php?rest_route=\/wp\/v2\/posts\/18814\/revisions\/18815"}],"wp:featuredmedia":[{"embeddable":true,"href":"http:\/\/web-zac.com\/index.php?rest_route=\/wp\/v2\/media\/18813"}],"wp:attachment":[{"href":"http:\/\/web-zac.com\/index.php?rest_route=%2Fwp%2Fv2%2Fmedia&parent=18814"}],"wp:term":[{"taxonomy":"category","embeddable":true,"href":"http:\/\/web-zac.com\/index.php?rest_route=%2Fwp%2Fv2%2Fcategories&post=18814"},{"taxonomy":"post_tag","embeddable":true,"href":"http:\/\/web-zac.com\/index.php?rest_route=%2Fwp%2Fv2%2Ftags&post=18814"}],"curies":[{"name":"wp","href":"https:\/\/api.w.org\/{rel}","templated":true}]}}