{"id":18211,"date":"2024-03-25T22:19:03","date_gmt":"2024-03-26T04:19:03","guid":{"rendered":"http:\/\/web-zac.com\/?p=18211"},"modified":"2024-03-28T18:20:09","modified_gmt":"2024-03-29T00:20:09","slug":"con-musica-mezcal-y-fiesta-lila-downs-encanto-a-miles-en-el-fcz-2024-2","status":"publish","type":"post","link":"http:\/\/web-zac.com\/?p=18211","title":{"rendered":"Con m\u00fasica, mezcal y fiesta, Lila Downs encant\u00f3 a miles en el FCZ 2024"},"content":{"rendered":"\n<figure class=\"wp-block-image size-large\"><img loading=\"lazy\" decoding=\"async\" width=\"1024\" height=\"682\" src=\"http:\/\/web-zac.com\/wp-content\/uploads\/2024\/03\/img-20240325-wa01422892508002089273752-1024x682.jpg\" alt=\"\" class=\"wp-image-18210\" srcset=\"http:\/\/web-zac.com\/wp-content\/uploads\/2024\/03\/img-20240325-wa01422892508002089273752-1024x682.jpg 1024w, http:\/\/web-zac.com\/wp-content\/uploads\/2024\/03\/img-20240325-wa01422892508002089273752-300x200.jpg 300w, http:\/\/web-zac.com\/wp-content\/uploads\/2024\/03\/img-20240325-wa01422892508002089273752-768x512.jpg 768w, http:\/\/web-zac.com\/wp-content\/uploads\/2024\/03\/img-20240325-wa01422892508002089273752-1200x800.jpg 1200w, http:\/\/web-zac.com\/wp-content\/uploads\/2024\/03\/img-20240325-wa01422892508002089273752.jpg 1280w\" sizes=\"auto, (max-width: 1024px) 100vw, 1024px\" \/><\/figure>\n\n\n\n<p>\u25aa\ufe0f En el tercer d\u00eda de actividades de la m\u00e1xima fiesta de la cultura, en la entidad, fue inaugurado el foro gastron\u00f3mico Zac 58, con la presencia de Pinos, Zacatecas<br \/>\u25aa\ufe0f Abren al p\u00fablico la exposici\u00f3n documental \u00abEl camino de hierro en tierra de plata\u00bb, en el Museo Zacatecano<\/p>\n\n\n\n<p>Zacatecas, Zac., 25 de marzo de 2024.- Ataviada de manera excepcional en un atuendo ecl\u00e9ctico con detalles mexicanos, piel y estoperoles, Lila Downs, figura ic\u00f3nica de la m\u00fasica latinoamericana, ilumin\u00f3 el escenario principal del Festival Cultural por la Paz en Zacatecas 2024 con su concierto en el que le cant\u00f3 a la vida, al amor y a la tierra.<\/p>\n\n\n\n<p>Con su incomparable talento y carisma, en el tercer d\u00eda de actividades de la m\u00e1xima fiesta de la cultura en la entidad, la reconocida cantante y compositora encant\u00f3 a miles de personas congregadas en la Plaza de Armas de la capital zacatecana.<\/p>\n\n\n\n<p>Con temas como \u201cSon del chile\u201d, \u201cLa campanera\u201d, \u201cTortolita\u201d y \u201cFuiste feliz\u201d inici\u00f3 su concierto, con el acompa\u00f1amiento del ballet folcl\u00f3rico Calmecac, de Jerez, Zacatecas, como comienzo de un espect\u00e1culo que trascendi\u00f3 g\u00e9neros y fronteras, y en el que prometi\u00f3 cantar rancheras y cumbias.<\/p>\n\n\n\n<p>Con su voz \u00fanica y sus interpretaciones cautivadoras, Downs ofreci\u00f3 un espect\u00e1culo con su sello distintivo, aquel que va m\u00e1s all\u00e1 de su versatilidad musical. Su capacidad para cantar en m\u00faltiples idiomas, incluyendo lenguas ind\u00edgenas, refleja su profundo compromiso con la diversidad cultural y ling\u00fc\u00edstica de Am\u00e9rica Latina. A lo largo de su carrera, ha colaborado con leyendas de la m\u00fasica y artistas contempor\u00e1neos, trascendiendo fronteras y generaciones.<\/p>\n\n\n\n<p>Su presentaci\u00f3n en el Festival Cultural por la Paz en Zacatecas 2024 fue un testimonio vivo de su legado como una de las voces m\u00e1s influyentes y respetadas de la escena musical mundial.<\/p>\n\n\n\n<p>Antes, en el Centro Cultural Ciudadela del Arte, fue inaugurado el foro dedicado a la gastronom\u00eda de la entidad, Zac 58, con la presencia culinaria y art\u00edstica del municipio de Pinos, Zacatecas.<\/p>\n\n\n\n<p>El objetivo principal del proyecto es crear un espacio de encuentro donde se fusionen la gastronom\u00eda, el arte y la artesan\u00eda de los municipios zacatecanos. Los men\u00fas presentados est\u00e1n cuidadosamente elaborados con platillos t\u00edpicos de cada localidad, ofreciendo a los asistentes una experiencia aut\u00e9ntica y representativa de la riqueza culinaria del estado. Adem\u00e1s, la presencia de una expo-venta de artesan\u00edas y la participaci\u00f3n de agrupaciones art\u00edsticas locales enriquecen a\u00fan m\u00e1s esta experiencia cultural.<\/p>\n\n\n\n<p>En este mismo contexto del Festival Cultural de la Paz en Zacatecas 2024, en el Museo Zacatecano fue inaugurada la exposici\u00f3n temporal \u00abEl camino de hierro en tierra de plata\u00bb, una muestra documental que conmemora el 140 aniversario de la llegada del primer tren a Zacatecas.<\/p>\n\n\n\n<p>Este evento hist\u00f3rico, ocurrido en marzo de 1884, marc\u00f3 un hito en la historia del pa\u00eds, al celebrar la conexi\u00f3n de las v\u00edas f\u00e9rreas del Ferrocarril Central Mexicano, uniendo M\u00e9xico con Estados Unidos en Estaci\u00f3n San Jos\u00e9, Fresnillo, con un emblem\u00e1tico clavo de plata.<\/p>\n\n\n\n<p>Esta exhibici\u00f3n, bajo la curadur\u00eda de Jes\u00fas Antonio Regis y V\u00edctor Hugo Ram\u00edrez, busca explorar y reflexionar sobre los profundos impactos culturales desencadenados por el ferrocarril, enaltecido por las riquezas argent\u00edferas de Zacatecas.<\/p>\n\n\n\n<p>Con m\u00e1s de cincuenta testimonios documentales y fotogr\u00e1ficos, procedentes de diversos archivos hist\u00f3ricos y colecciones privadas, \u00abEl camino de hierro en tierra de plata\u00bb ofrece una mirada fascinante y detallada a este per\u00edodo crucial en la historia de Zacatecas.<\/p>\n\n\n\n<p>\u2014ooOoo\u2014<\/p>\n","protected":false},"excerpt":{"rendered":"<p>\u25aa\ufe0f En el tercer d\u00eda de actividades de la m\u00e1xima fiesta de la cultura, en la entidad, fue inaugurado el foro gastron\u00f3mico Zac 58, con la presencia de Pinos, Zacatecas\u25aa\ufe0f Abren al p\u00fablico la exposici\u00f3n documental \u00abEl camino de hierro en tierra de plata\u00bb, en el Museo Zacatecano Zacatecas, Zac., 25 de marzo de 2024.- [&hellip;]<\/p>\n","protected":false},"author":3,"featured_media":18210,"comment_status":"open","ping_status":"open","sticky":false,"template":"","format":"standard","meta":{"footnotes":""},"categories":[11,4,22],"tags":[],"class_list":["post-18211","post","type-post","status-publish","format-standard","has-post-thumbnail","hentry","category-cultura","category-webgobierno","category-gobierno"],"jetpack_featured_media_url":"http:\/\/web-zac.com\/wp-content\/uploads\/2024\/03\/img-20240325-wa01422892508002089273752.jpg","_links":{"self":[{"href":"http:\/\/web-zac.com\/index.php?rest_route=\/wp\/v2\/posts\/18211","targetHints":{"allow":["GET"]}}],"collection":[{"href":"http:\/\/web-zac.com\/index.php?rest_route=\/wp\/v2\/posts"}],"about":[{"href":"http:\/\/web-zac.com\/index.php?rest_route=\/wp\/v2\/types\/post"}],"author":[{"embeddable":true,"href":"http:\/\/web-zac.com\/index.php?rest_route=\/wp\/v2\/users\/3"}],"replies":[{"embeddable":true,"href":"http:\/\/web-zac.com\/index.php?rest_route=%2Fwp%2Fv2%2Fcomments&post=18211"}],"version-history":[{"count":1,"href":"http:\/\/web-zac.com\/index.php?rest_route=\/wp\/v2\/posts\/18211\/revisions"}],"predecessor-version":[{"id":18212,"href":"http:\/\/web-zac.com\/index.php?rest_route=\/wp\/v2\/posts\/18211\/revisions\/18212"}],"wp:featuredmedia":[{"embeddable":true,"href":"http:\/\/web-zac.com\/index.php?rest_route=\/wp\/v2\/media\/18210"}],"wp:attachment":[{"href":"http:\/\/web-zac.com\/index.php?rest_route=%2Fwp%2Fv2%2Fmedia&parent=18211"}],"wp:term":[{"taxonomy":"category","embeddable":true,"href":"http:\/\/web-zac.com\/index.php?rest_route=%2Fwp%2Fv2%2Fcategories&post=18211"},{"taxonomy":"post_tag","embeddable":true,"href":"http:\/\/web-zac.com\/index.php?rest_route=%2Fwp%2Fv2%2Ftags&post=18211"}],"curies":[{"name":"wp","href":"https:\/\/api.w.org\/{rel}","templated":true}]}}