{"id":18205,"date":"2024-03-24T22:05:19","date_gmt":"2024-03-25T04:05:19","guid":{"rendered":"http:\/\/web-zac.com\/?p=18205"},"modified":"2024-03-28T18:06:24","modified_gmt":"2024-03-29T00:06:24","slug":"en-baile-de-gala-se-convierte-plaza-de-armas-con-grandioso-concierto-de-la-orquesta-de-beto-diaz","status":"publish","type":"post","link":"http:\/\/web-zac.com\/?p=18205","title":{"rendered":"En Baile de Gala se convierte Plaza de Armas con grandioso concierto de la Orquesta de Beto D\u00edaz"},"content":{"rendered":"\n<p><br>\u00a0<br>\u25aa\ufe0fLa agrupaci\u00f3n fresnillense ofreci\u00f3 un repertorio que incluy\u00f3 \u201cPalitos Chinos\u201d, \u201cMil Besos\u201d y \u201cRoberta\u00bb<br>\u25aa\ufe0fNi\u00f1as, ni\u00f1os y adolescentes disfrutan de las actividades del Foro Infantil en la Plazuela 450<br>\u25aa\ufe0fSe presenta el libro \u00ab50 a\u00f1os de la Convenci\u00f3n del Patrimonio Mundial en M\u00e9xico e Iberoam\u00e9rica, Medio Siglo en la Gesti\u00f3n del Valor Universal Excepcional\u00bb<br>\u00a0\u00a0<br>Zacatecas, Zac., 24 marzo de 2024.- En una noche llena de magia, ritmo y alegr\u00eda, la Orquesta de Beto D\u00edaz cautiv\u00f3 al p\u00fablico zacatecano con su extraordinaria presentaci\u00f3n en la Plaza de Armas, como parte de las actividades del Festival Cultural por la Paz Zacatecas 2024.<br>\u00a0<br>Con m\u00e1s de seis d\u00e9cadas de trayectoria en el mundo de la m\u00fasica, esta destacada agrupaci\u00f3n fresnillense deleit\u00f3 a la audiencia con un repertorio que abarc\u00f3 desde sus \u00e9xitos m\u00e1s recientes hasta cl\u00e1sicos atemporales que han dejado huella en distintas generaciones.<br>\u00a0<br>Nacida en 1959, la orquesta sali\u00f3 al escenario dispuesta a ofrecer una noche inolvidable, donde cientos de personas tuvieron el privilegio de disfrutar de temas emblem\u00e1ticos como \u201cPalitos Chinos\u201d, \u201cMil Besos\u201d y \u201cRoberta\u201d, entre otros.<br>\u00a0<br>El ambiente se impregn\u00f3 de nostalgia mientras los asistentes disfrutaban y bailaban al ritmo de las melod\u00edas inolvidables interpretadas por la orquesta. Tanto el p\u00fablico local como las y los visitantes se entregaron por completo a la magia de la m\u00fasica, el danz\u00f3n y los recuerdos.<br>\u00a0<br>La velada estuvo colmada de momentos memorables, donde la Orquesta de Beto D\u00edaz demostr\u00f3 una vez m\u00e1s su compromiso con la calidad art\u00edstica y su habilidad para mantener viva la esencia de la m\u00fasica tropical en Zacatecas.<br>\u00a0<br>Tras varias melod\u00edas y un espect\u00e1culo lleno de emociones, la agrupaci\u00f3n se despidi\u00f3 del p\u00fablico del Festival Cultural por la Paz Zacatecas 2024 prometiendo regresar pronto para poner a bailar a las y los zacatecanos.<br>\u00a0<br>Antes, en&nbsp; la Plazuela 450, comenzaron los talleres del Foro Infantil del Festival Cultural por la Paz Zacatecas 2024, donde ni\u00f1os y adolescentes tuvieron la oportunidad de participar en una amplia gama de actividades creativas y educativas.<br>\u00a0<br>Los talleres ofrecieron una variedad de opciones, desde \u00abModelado en arcilla\u00bb hasta \u00abArte mural\u00bb, pasando por actividades como \u00abPapalotes\u00bb, \u00abCartoner\u00eda\u00bb, \u00abRob\u00f3tica\u00bb y \u00abEstampa en movimiento\u00bb, entre otros.<br>\u00a0<br>Estas actividades permitieron a las y los ni\u00f1os explorar su creatividad, desarrollar habilidades art\u00edsticas y aprender de manera l\u00fadica y divertida. Adem\u00e1s, brindaron la oportunidad de compartir momentos de diversi\u00f3n en familia, generando una experiencia enriquecedora para todos los participantes.<br>\u00a0<br>De igual forma, en el Teatro Fernando Calder\u00f3n se llev\u00f3 a cabo la presentaci\u00f3n del libro \u00ab50 a\u00f1os de la Convenci\u00f3n del Patrimonio Mundial en M\u00e9xico e Iberoam\u00e9rica, Medio Siglo en la Gesti\u00f3n del Valor Universal Excepcional\u00bb. <br>\u00a0<br>Bajo la moderaci\u00f3n de Carlos Alberto Torreblanca Padilla, Carlos Lara, Manuel Alejandro y Fabiola Castillo, se resalt\u00f3 la importancia de esta obra en los \u00e1mbitos acad\u00e9mico y cultural, destacando su relevancia en la reflexi\u00f3n sobre las cualidades humanas de memoria y valorizaci\u00f3n.<br>\u00a0<br>De igual forma, los presentadores profundizaron en los temas abordados en el libro, el cual es parte del programa acad\u00e9mico del festival. Analizaron los desaf\u00edos y logros en la conservaci\u00f3n del patrimonio mundial a lo largo de medio siglo en M\u00e9xico e Iberoam\u00e9rica, brindando una visi\u00f3n integral de la gesti\u00f3n del valor universal excepcional.<br>\u00a0<br>Esto permiti\u00f3 a las y los asistentes comprender la importancia del patrimonio cultural y natural, as\u00ed como los esfuerzos necesarios para su preservaci\u00f3n y valorizaci\u00f3n.<br><br>\u2014ooOoo\u2014<\/p>\n\n\n\n<figure class=\"wp-block-image size-large\"><img loading=\"lazy\" decoding=\"async\" width=\"1024\" height=\"682\" src=\"http:\/\/web-zac.com\/wp-content\/uploads\/2024\/03\/img-20240324-wa00978009929140731148177-1024x682.jpg\" alt=\"\" class=\"wp-image-18204\" srcset=\"http:\/\/web-zac.com\/wp-content\/uploads\/2024\/03\/img-20240324-wa00978009929140731148177-1024x682.jpg 1024w, http:\/\/web-zac.com\/wp-content\/uploads\/2024\/03\/img-20240324-wa00978009929140731148177-300x200.jpg 300w, http:\/\/web-zac.com\/wp-content\/uploads\/2024\/03\/img-20240324-wa00978009929140731148177-768x512.jpg 768w, http:\/\/web-zac.com\/wp-content\/uploads\/2024\/03\/img-20240324-wa00978009929140731148177-1536x1023.jpg 1536w, http:\/\/web-zac.com\/wp-content\/uploads\/2024\/03\/img-20240324-wa00978009929140731148177-1200x800.jpg 1200w, http:\/\/web-zac.com\/wp-content\/uploads\/2024\/03\/img-20240324-wa00978009929140731148177.jpg 1600w\" sizes=\"auto, (max-width: 1024px) 100vw, 1024px\" \/><\/figure>\n","protected":false},"excerpt":{"rendered":"<p>\u00a0\u25aa\ufe0fLa agrupaci\u00f3n fresnillense ofreci\u00f3 un repertorio que incluy\u00f3 \u201cPalitos Chinos\u201d, \u201cMil Besos\u201d y \u201cRoberta\u00bb\u25aa\ufe0fNi\u00f1as, ni\u00f1os y adolescentes disfrutan de las actividades del Foro Infantil en la Plazuela 450\u25aa\ufe0fSe presenta el libro \u00ab50 a\u00f1os de la Convenci\u00f3n del Patrimonio Mundial en M\u00e9xico e Iberoam\u00e9rica, Medio Siglo en la Gesti\u00f3n del Valor Universal Excepcional\u00bb\u00a0\u00a0Zacatecas, Zac., 24 marzo [&hellip;]<\/p>\n","protected":false},"author":3,"featured_media":18204,"comment_status":"open","ping_status":"open","sticky":false,"template":"","format":"standard","meta":{"footnotes":""},"categories":[11,4,22],"tags":[],"class_list":["post-18205","post","type-post","status-publish","format-standard","has-post-thumbnail","hentry","category-cultura","category-webgobierno","category-gobierno"],"jetpack_featured_media_url":"http:\/\/web-zac.com\/wp-content\/uploads\/2024\/03\/img-20240324-wa00978009929140731148177.jpg","_links":{"self":[{"href":"http:\/\/web-zac.com\/index.php?rest_route=\/wp\/v2\/posts\/18205","targetHints":{"allow":["GET"]}}],"collection":[{"href":"http:\/\/web-zac.com\/index.php?rest_route=\/wp\/v2\/posts"}],"about":[{"href":"http:\/\/web-zac.com\/index.php?rest_route=\/wp\/v2\/types\/post"}],"author":[{"embeddable":true,"href":"http:\/\/web-zac.com\/index.php?rest_route=\/wp\/v2\/users\/3"}],"replies":[{"embeddable":true,"href":"http:\/\/web-zac.com\/index.php?rest_route=%2Fwp%2Fv2%2Fcomments&post=18205"}],"version-history":[{"count":1,"href":"http:\/\/web-zac.com\/index.php?rest_route=\/wp\/v2\/posts\/18205\/revisions"}],"predecessor-version":[{"id":18206,"href":"http:\/\/web-zac.com\/index.php?rest_route=\/wp\/v2\/posts\/18205\/revisions\/18206"}],"wp:featuredmedia":[{"embeddable":true,"href":"http:\/\/web-zac.com\/index.php?rest_route=\/wp\/v2\/media\/18204"}],"wp:attachment":[{"href":"http:\/\/web-zac.com\/index.php?rest_route=%2Fwp%2Fv2%2Fmedia&parent=18205"}],"wp:term":[{"taxonomy":"category","embeddable":true,"href":"http:\/\/web-zac.com\/index.php?rest_route=%2Fwp%2Fv2%2Fcategories&post=18205"},{"taxonomy":"post_tag","embeddable":true,"href":"http:\/\/web-zac.com\/index.php?rest_route=%2Fwp%2Fv2%2Ftags&post=18205"}],"curies":[{"name":"wp","href":"https:\/\/api.w.org\/{rel}","templated":true}]}}