{"id":18146,"date":"2024-03-25T13:29:44","date_gmt":"2024-03-25T19:29:44","guid":{"rendered":"http:\/\/web-zac.com\/?p=18146"},"modified":"2024-03-25T13:30:03","modified_gmt":"2024-03-25T19:30:03","slug":"rinden-protesta-en-area-juridica-y-de-comunicacion-social","status":"publish","type":"post","link":"http:\/\/web-zac.com\/?p=18146","title":{"rendered":"RINDEN PROTESTA EN \u00c1REA JUR\u00cdDICA Y DE COMUNICACI\u00d3N SOCIAL"},"content":{"rendered":"\n<p>\n<br>\n<br>Fresnillo, Zac.- La presidenta municipal Rita Roc\u00edo Qui\u00f1ones de Luna tom\u00f3 protesta a Rodolfo Cid Ruvalcaba como titular del Departamento Jur\u00eddico del Ayuntamiento de Fresnillo para tratar los asuntos que corresponden al \u00e1rea de sindicatura. Por otro lado, Cecilia Ortega Palacios fue nombrada titular del Departamento de Comunicaci\u00f3n Social.\n<br>Qui\u00f1ones de Luna enfatiz\u00f3 que este cambio en la administraci\u00f3n municipal se lleva a cabo con el objetivo de garantizar la continuidad de las labores administrativas, asegurando as\u00ed el adecuado funcionamiento de cada \u00e1rea.\n<br>\n<br><\/p>\n\n\n\n<figure class=\"wp-block-image size-large\"><img loading=\"lazy\" decoding=\"async\" width=\"1024\" height=\"478\" src=\"http:\/\/web-zac.com\/wp-content\/uploads\/2024\/03\/img-20240325-wa00338509269928849713377-1024x478.jpg\" alt=\"\" class=\"wp-image-18145\" srcset=\"http:\/\/web-zac.com\/wp-content\/uploads\/2024\/03\/img-20240325-wa00338509269928849713377-1024x478.jpg 1024w, http:\/\/web-zac.com\/wp-content\/uploads\/2024\/03\/img-20240325-wa00338509269928849713377-300x140.jpg 300w, http:\/\/web-zac.com\/wp-content\/uploads\/2024\/03\/img-20240325-wa00338509269928849713377-768x359.jpg 768w, http:\/\/web-zac.com\/wp-content\/uploads\/2024\/03\/img-20240325-wa00338509269928849713377-1536x717.jpg 1536w, http:\/\/web-zac.com\/wp-content\/uploads\/2024\/03\/img-20240325-wa00338509269928849713377-1200x560.jpg 1200w, http:\/\/web-zac.com\/wp-content\/uploads\/2024\/03\/img-20240325-wa00338509269928849713377.jpg 1600w\" sizes=\"auto, (max-width: 1024px) 100vw, 1024px\" \/><\/figure>\n","protected":false},"excerpt":{"rendered":"<p>Fresnillo, Zac.- La presidenta municipal Rita Roc\u00edo Qui\u00f1ones de Luna tom\u00f3 protesta a Rodolfo Cid Ruvalcaba como titular del Departamento Jur\u00eddico del Ayuntamiento de Fresnillo para tratar los asuntos que corresponden al \u00e1rea de sindicatura. Por otro lado, Cecilia Ortega Palacios fue nombrada titular del Departamento de Comunicaci\u00f3n Social. Qui\u00f1ones de Luna enfatiz\u00f3 que este [&hellip;]<\/p>\n","protected":false},"author":3,"featured_media":18145,"comment_status":"open","ping_status":"open","sticky":false,"template":"","format":"standard","meta":{"footnotes":""},"categories":[19,6],"tags":[],"class_list":["post-18146","post","type-post","status-publish","format-standard","has-post-thumbnail","hentry","category-fresnillo","category-webmunicipios"],"jetpack_featured_media_url":"http:\/\/web-zac.com\/wp-content\/uploads\/2024\/03\/img-20240325-wa00338509269928849713377.jpg","_links":{"self":[{"href":"http:\/\/web-zac.com\/index.php?rest_route=\/wp\/v2\/posts\/18146","targetHints":{"allow":["GET"]}}],"collection":[{"href":"http:\/\/web-zac.com\/index.php?rest_route=\/wp\/v2\/posts"}],"about":[{"href":"http:\/\/web-zac.com\/index.php?rest_route=\/wp\/v2\/types\/post"}],"author":[{"embeddable":true,"href":"http:\/\/web-zac.com\/index.php?rest_route=\/wp\/v2\/users\/3"}],"replies":[{"embeddable":true,"href":"http:\/\/web-zac.com\/index.php?rest_route=%2Fwp%2Fv2%2Fcomments&post=18146"}],"version-history":[{"count":1,"href":"http:\/\/web-zac.com\/index.php?rest_route=\/wp\/v2\/posts\/18146\/revisions"}],"predecessor-version":[{"id":18147,"href":"http:\/\/web-zac.com\/index.php?rest_route=\/wp\/v2\/posts\/18146\/revisions\/18147"}],"wp:featuredmedia":[{"embeddable":true,"href":"http:\/\/web-zac.com\/index.php?rest_route=\/wp\/v2\/media\/18145"}],"wp:attachment":[{"href":"http:\/\/web-zac.com\/index.php?rest_route=%2Fwp%2Fv2%2Fmedia&parent=18146"}],"wp:term":[{"taxonomy":"category","embeddable":true,"href":"http:\/\/web-zac.com\/index.php?rest_route=%2Fwp%2Fv2%2Fcategories&post=18146"},{"taxonomy":"post_tag","embeddable":true,"href":"http:\/\/web-zac.com\/index.php?rest_route=%2Fwp%2Fv2%2Ftags&post=18146"}],"curies":[{"name":"wp","href":"https:\/\/api.w.org\/{rel}","templated":true}]}}