{"id":18139,"date":"2024-03-24T19:54:58","date_gmt":"2024-03-25T01:54:58","guid":{"rendered":"http:\/\/web-zac.com\/?p=18139"},"modified":"2024-03-24T19:55:13","modified_gmt":"2024-03-25T01:55:13","slug":"revoca-cabildo-nombramiento-a-juridico","status":"publish","type":"post","link":"http:\/\/web-zac.com\/?p=18139","title":{"rendered":"REVOCA CABILDO NOMBRAMIENTO A JUR\u00cdDICO"},"content":{"rendered":"\n<figure class=\"wp-block-image size-large\"><img loading=\"lazy\" decoding=\"async\" width=\"1024\" height=\"629\" src=\"http:\/\/web-zac.com\/wp-content\/uploads\/2024\/03\/img-20240324-wa00592647655275969598195-1024x629.jpg\" alt=\"\" class=\"wp-image-18138\" srcset=\"http:\/\/web-zac.com\/wp-content\/uploads\/2024\/03\/img-20240324-wa00592647655275969598195-1024x629.jpg 1024w, http:\/\/web-zac.com\/wp-content\/uploads\/2024\/03\/img-20240324-wa00592647655275969598195-300x184.jpg 300w, http:\/\/web-zac.com\/wp-content\/uploads\/2024\/03\/img-20240324-wa00592647655275969598195-768x472.jpg 768w, http:\/\/web-zac.com\/wp-content\/uploads\/2024\/03\/img-20240324-wa00592647655275969598195-1200x737.jpg 1200w, http:\/\/web-zac.com\/wp-content\/uploads\/2024\/03\/img-20240324-wa00592647655275969598195.jpg 1216w\" sizes=\"auto, (max-width: 1024px) 100vw, 1024px\" \/><\/figure>\n\n\n\n<p>\n<br>Fresnillo, Zac.- En Sesi\u00f3n Extraordinaria de Cabildo se aprob\u00f3 por unanimidad la revocaci\u00f3n del nombramiento de J. Guadalupe Mart\u00ednez Mart\u00ednez como representante y apoderado general y especial de todo tipo de procedimientos administrativos sin perjuicio de las facultades que le confiri\u00f3 la ley de la Sindicatura. \n<br>\n<br>La solicitud fue presentada por la presidenta municipal, Rita Roc\u00edo Qui\u00f1ones de Luna derivado de que el mencionado dej\u00f3 de laborar en el \u00e1rea jur\u00eddica del Ayuntamiento. Luego del an\u00e1lisis de la propuesta el Pleno en Cabildo vot\u00f3 a favor de este punto. \n<br><\/p>\n","protected":false},"excerpt":{"rendered":"<p>Fresnillo, Zac.- En Sesi\u00f3n Extraordinaria de Cabildo se aprob\u00f3 por unanimidad la revocaci\u00f3n del nombramiento de J. Guadalupe Mart\u00ednez Mart\u00ednez como representante y apoderado general y especial de todo tipo de procedimientos administrativos sin perjuicio de las facultades que le confiri\u00f3 la ley de la Sindicatura. La solicitud fue presentada por la presidenta municipal, Rita [&hellip;]<\/p>\n","protected":false},"author":3,"featured_media":18138,"comment_status":"open","ping_status":"open","sticky":false,"template":"","format":"standard","meta":{"footnotes":""},"categories":[19,6],"tags":[],"class_list":["post-18139","post","type-post","status-publish","format-standard","has-post-thumbnail","hentry","category-fresnillo","category-webmunicipios"],"jetpack_featured_media_url":"http:\/\/web-zac.com\/wp-content\/uploads\/2024\/03\/img-20240324-wa00592647655275969598195.jpg","_links":{"self":[{"href":"http:\/\/web-zac.com\/index.php?rest_route=\/wp\/v2\/posts\/18139","targetHints":{"allow":["GET"]}}],"collection":[{"href":"http:\/\/web-zac.com\/index.php?rest_route=\/wp\/v2\/posts"}],"about":[{"href":"http:\/\/web-zac.com\/index.php?rest_route=\/wp\/v2\/types\/post"}],"author":[{"embeddable":true,"href":"http:\/\/web-zac.com\/index.php?rest_route=\/wp\/v2\/users\/3"}],"replies":[{"embeddable":true,"href":"http:\/\/web-zac.com\/index.php?rest_route=%2Fwp%2Fv2%2Fcomments&post=18139"}],"version-history":[{"count":1,"href":"http:\/\/web-zac.com\/index.php?rest_route=\/wp\/v2\/posts\/18139\/revisions"}],"predecessor-version":[{"id":18140,"href":"http:\/\/web-zac.com\/index.php?rest_route=\/wp\/v2\/posts\/18139\/revisions\/18140"}],"wp:featuredmedia":[{"embeddable":true,"href":"http:\/\/web-zac.com\/index.php?rest_route=\/wp\/v2\/media\/18138"}],"wp:attachment":[{"href":"http:\/\/web-zac.com\/index.php?rest_route=%2Fwp%2Fv2%2Fmedia&parent=18139"}],"wp:term":[{"taxonomy":"category","embeddable":true,"href":"http:\/\/web-zac.com\/index.php?rest_route=%2Fwp%2Fv2%2Fcategories&post=18139"},{"taxonomy":"post_tag","embeddable":true,"href":"http:\/\/web-zac.com\/index.php?rest_route=%2Fwp%2Fv2%2Ftags&post=18139"}],"curies":[{"name":"wp","href":"https:\/\/api.w.org\/{rel}","templated":true}]}}