{"id":18130,"date":"2024-03-24T15:58:15","date_gmt":"2024-03-24T21:58:15","guid":{"rendered":"http:\/\/web-zac.com\/?p=18130"},"modified":"2024-03-24T19:39:17","modified_gmt":"2024-03-25T01:39:17","slug":"vamos-por-la-gestion-de-la-rehabilitacion-de-carreterassaul-monreal-avila","status":"publish","type":"post","link":"http:\/\/web-zac.com\/?p=18130","title":{"rendered":"VAMOS POR LA GESTI\u00d3N DE LA  REHABILITACI\u00d3N DE CARRETERAS:SA\u00daL MONREAL \u00c1VILA"},"content":{"rendered":"<p>En rueda de prensa desde su casa de campa\u00f1a, el candidato Monreal \u00c1vila, present\u00f3 a las y los coordinadores municipales que se integran a su proyecto. Dichas representaciones son elementos con mucha experiencia en pol\u00edtica, lo que significa fortalecer el programa del futuro senador.<\/p>\n<p>Desde el Te\u00fal de Gonz\u00e1lez Ortega, el abogado y profesor Hugo \u00c1vila G\u00f3mez, actualmente es director de educaci\u00f3n media superior; en Momax, la ganadera Rosario Valles Magallanes, es una ciudadana ejemplar que hace pol\u00edtica desde abajo; el agricultor Jes\u00fas Flores de Juchipila, es uno de los productores de ca\u00f1a m\u00e1s importantes de la regi\u00f3n; Ana Mar\u00eda Romero Muro de Mezquital del Oro, fue presidenta municipal suplente y promotora del voto desde hace a\u00f1os; la profesora loretense Mar\u00eda Ruth L\u00f3pez, es doctora en educaci\u00f3n y pedagoga; Salvador Loera Sol\u00eds de \u201cEl Plateado\u201d de Joaqu\u00edn Amaro, fue presidente municipal, exdirector del plantel del Cobaez de su municipio y orgulloso militante de izquierda; Ana Laura Reynoso Medina desde Moyahua de Estrada, es enfermera y desempe\u00f1a acciones altruistas en el tema de salud en su municipio, Jes\u00fas Romeo del R\u00edo Carrillo de Villa de Cos, fue presidente del municipio norte\u00f1o y ha sido coordinador de campa\u00f1as pol\u00edticas en su terru\u00f1o; Rub\u00e9n Casta\u00f1eda Hern\u00e1ndez, desde P\u00e1nuco, es agricultor y comerciante; Mar\u00eda de Jes\u00fas Briones Mauricio en P\u00e1nfilo Natera, fue l\u00edder de ex braceros y colaboradora en las pol\u00edticas de su pueblo.<\/p>\n<p>\u201cTodos ellos son amigas y amigos personales, as\u00ed voy a ir dando a conocer, estamos generando una buena estructura muy s\u00f3lida. El prop\u00f3sito es la construcci\u00f3n del Segundo Piso de la Cuarta Transformaci\u00f3n\u201d, afirm\u00f3.<\/p>\n<p>En la rueda de prensa, Monreal \u00c1vila hizo \u00e9nfasis en un tema que apremia a toda la ciudadan\u00eda, las carreteras. Tener en buen estado las infraestructuras de la comunicaci\u00f3n es fundamental para el desarrollo social y econ\u00f3mico regional, ya que implica la conexi\u00f3n entre las personas por la v\u00eda terrestre.<\/p>\n<p>Desde el Segundo piso de la Cuarta Transformaci\u00f3n, un eje prioritario es la conservaci\u00f3n carretera y atenci\u00f3n a las zonas rurales y comunidades marginadas para profundizar en el desarrollo de infraestructura con enfoque multimodal; promover la innovaci\u00f3n tecnol\u00f3gica, sostenibilidad y seguridad, basados en la econom\u00eda moral y austeridad republicana, esto quiere decir, construir los proyectos que traigan los mejores beneficios a toda la poblaci\u00f3n.<\/p>\n<p>Asimismo, Monreal \u00c1vila, coment\u00f3 al auditorio que \u201cuna de las peticiones primordiales y que en lo inmediato gestionaremos es, el tema de carreteras, es urgente. Carreteras como las de Juan Aldama, Miguel Auza y en el inter que es Rio Grande; en Concepci\u00f3n del Oro, por Sierra Vieja, tambi\u00e9n por San Tiburcio\u201d, mencion\u00f3.<\/p>\n<p>Al respecto, el candidato se\u00f1al\u00f3 algunas precisiones \u201ctodas estas carreteras federales vamos a gestionarlas en lo inmediato para que haya un programa de rehabilitaci\u00f3n. Y lo vamos a plantear inmediatamente que lleguemos al Senado, para que no sea criterio del gobernante federal y local, sino va a ser a trav\u00e9s la Ley, que no sea nom\u00e1s un etiquetado sino todo un programa bien establecido y lo vamos hacer al nivel de Zacatecas\u201d.<\/p>\n<p>\u201cVamos a gestionar desde el Senado para la construcci\u00f3n de carreteras, tendr\u00e1 que ser una partida espec\u00edfica independientemente de quien las haga. Lo he dicho y lo sostengo que ser\u00e1 un compromiso como legislador y como gestor\u201d, finaliz\u00f3.<\/p>\n","protected":false},"excerpt":{"rendered":"<p>En rueda de prensa desde su casa de campa\u00f1a, el candidato Monreal \u00c1vila, present\u00f3 a las y los coordinadores municipales que se integran a su proyecto. Dichas representaciones son elementos con mucha experiencia en pol\u00edtica, lo que significa fortalecer el programa del futuro senador. Desde el Te\u00fal de Gonz\u00e1lez Ortega, el abogado y profesor Hugo [&hellip;]<\/p>\n","protected":false},"author":3,"featured_media":18131,"comment_status":"open","ping_status":"open","sticky":false,"template":"","format":"standard","meta":{"footnotes":""},"categories":[3],"tags":[],"class_list":["post-18130","post","type-post","status-publish","format-standard","has-post-thumbnail","hentry","category-webpolitica"],"jetpack_featured_media_url":"http:\/\/web-zac.com\/wp-content\/uploads\/2024\/03\/WhatsApp-Image-2024-03-24-at-2.09.06-PM.jpeg","_links":{"self":[{"href":"http:\/\/web-zac.com\/index.php?rest_route=\/wp\/v2\/posts\/18130","targetHints":{"allow":["GET"]}}],"collection":[{"href":"http:\/\/web-zac.com\/index.php?rest_route=\/wp\/v2\/posts"}],"about":[{"href":"http:\/\/web-zac.com\/index.php?rest_route=\/wp\/v2\/types\/post"}],"author":[{"embeddable":true,"href":"http:\/\/web-zac.com\/index.php?rest_route=\/wp\/v2\/users\/3"}],"replies":[{"embeddable":true,"href":"http:\/\/web-zac.com\/index.php?rest_route=%2Fwp%2Fv2%2Fcomments&post=18130"}],"version-history":[{"count":2,"href":"http:\/\/web-zac.com\/index.php?rest_route=\/wp\/v2\/posts\/18130\/revisions"}],"predecessor-version":[{"id":18133,"href":"http:\/\/web-zac.com\/index.php?rest_route=\/wp\/v2\/posts\/18130\/revisions\/18133"}],"wp:featuredmedia":[{"embeddable":true,"href":"http:\/\/web-zac.com\/index.php?rest_route=\/wp\/v2\/media\/18131"}],"wp:attachment":[{"href":"http:\/\/web-zac.com\/index.php?rest_route=%2Fwp%2Fv2%2Fmedia&parent=18130"}],"wp:term":[{"taxonomy":"category","embeddable":true,"href":"http:\/\/web-zac.com\/index.php?rest_route=%2Fwp%2Fv2%2Fcategories&post=18130"},{"taxonomy":"post_tag","embeddable":true,"href":"http:\/\/web-zac.com\/index.php?rest_route=%2Fwp%2Fv2%2Ftags&post=18130"}],"curies":[{"name":"wp","href":"https:\/\/api.w.org\/{rel}","templated":true}]}}