{"id":18067,"date":"2024-03-22T08:32:45","date_gmt":"2024-03-22T14:32:45","guid":{"rendered":"http:\/\/web-zac.com\/?p=18067"},"modified":"2024-03-22T08:33:06","modified_gmt":"2024-03-22T14:33:06","slug":"festival-del-pulque-y-la-melcocha-destacada-tradicion-en-zacatecas","status":"publish","type":"post","link":"http:\/\/web-zac.com\/?p=18067","title":{"rendered":"Festival del Pulque y la Melcocha, destacada tradici\u00f3n en Zacatecas"},"content":{"rendered":"\n<p><br><br>\u25aa\ufe0fDesfilar\u00e1n desde la avenida Hidalgo hasta el templo de Mexicapan<br><br>Zacatecas, Zac., 21 de marzo de 2024.- Como parte de las actividades del Festival Cultural de la Paz en Zacatecas 2024, el pr\u00f3ximo 28 de marzo se llevar\u00e1 a cabo el Festival del Pulque y la Melcocha, una festividad profundamente arraigada en esta tierra, en la que participan turistas y locales como testimonio vivo de la rica tradici\u00f3n y cultura de la regi\u00f3n.<br><br>Bajo la direcci\u00f3n de la Secretaria de Turismo, en conjunto con la Cr\u00f3nica del Estado y Josefina Nava S\u00e1nchez, presidenta de la Asociaci\u00f3n de Amigos del Patrimonio Zacatecano (APAZAC), el Festival del Pulque y la Melcocha promete deleitar a los asistentes con sus encantos tradicionales. <br><br>El recorrido del Festival del Pulque y la Melcocha es un momento destacado de la festividad; se trata de un desfile que comienza alrededor de la una de la tarde, desde la Casa Municipal de Cultura y se dirige hacia la emblem\u00e1tica Capilla de Mexicapan. <br><br>Durante el trayecto, se realizan paradas en diversas plazuelas, donde las familias dulceras exhiben su experiencia en la elaboraci\u00f3n de la melcocha. Este dulce, transmitido de generaci\u00f3n en generaci\u00f3n, representa la continuidad de nuestras tradiciones m\u00e1s queridas y es un verdadero deleite para los visitantes.<br><br>Este a\u00f1o, el Festival del Pulque y la Melcocha adquiere una mayor relevancia, al formar parte integral del Festival Cultural de la Paz en Zacatecas 2024. M\u00e1s all\u00e1 de ser una celebraci\u00f3n local, se busca promover la paz y la uni\u00f3n a trav\u00e9s de esta festividad. <br><br>Un aspecto destacado de este esfuerzo es el intento de romper el r\u00e9cord Guinness con la elaboraci\u00f3n de la melcocha m\u00e1s grande del mundo. <br><br>Los scouts de la Provincia Zacatecas se han unido a esta iniciativa y llevar\u00e1n a cuestas una melcocha de m\u00e1s de 5 metros, durante el desfile, por la Avenida Hidalgo. Esta audaz haza\u00f1a dejar\u00e1 una huella imborrable en la historia de nuestra tierra y ser\u00e1 un s\u00edmbolo de la unidad y la colaboraci\u00f3n de la comunidad.<br><br>\u2014ooOoo\u2014<\/p>\n\n\n\n<figure class=\"wp-block-image size-large\"><img loading=\"lazy\" decoding=\"async\" width=\"576\" height=\"1024\" src=\"http:\/\/web-zac.com\/wp-content\/uploads\/2024\/03\/img-20240321-wa02177256144261147911231-576x1024.jpg\" alt=\"\" class=\"wp-image-18066\" srcset=\"http:\/\/web-zac.com\/wp-content\/uploads\/2024\/03\/img-20240321-wa02177256144261147911231-576x1024.jpg 576w, http:\/\/web-zac.com\/wp-content\/uploads\/2024\/03\/img-20240321-wa02177256144261147911231-169x300.jpg 169w, http:\/\/web-zac.com\/wp-content\/uploads\/2024\/03\/img-20240321-wa02177256144261147911231-675x1200.jpg 675w, http:\/\/web-zac.com\/wp-content\/uploads\/2024\/03\/img-20240321-wa02177256144261147911231.jpg 720w\" sizes=\"auto, (max-width: 576px) 100vw, 576px\" \/><\/figure>\n","protected":false},"excerpt":{"rendered":"<p>\u25aa\ufe0fDesfilar\u00e1n desde la avenida Hidalgo hasta el templo de Mexicapan Zacatecas, Zac., 21 de marzo de 2024.- Como parte de las actividades del Festival Cultural de la Paz en Zacatecas 2024, el pr\u00f3ximo 28 de marzo se llevar\u00e1 a cabo el Festival del Pulque y la Melcocha, una festividad profundamente arraigada en esta tierra, en [&hellip;]<\/p>\n","protected":false},"author":3,"featured_media":18066,"comment_status":"open","ping_status":"open","sticky":false,"template":"","format":"standard","meta":{"footnotes":""},"categories":[11,4,22],"tags":[],"class_list":["post-18067","post","type-post","status-publish","format-standard","has-post-thumbnail","hentry","category-cultura","category-webgobierno","category-gobierno"],"jetpack_featured_media_url":"http:\/\/web-zac.com\/wp-content\/uploads\/2024\/03\/img-20240321-wa02177256144261147911231.jpg","_links":{"self":[{"href":"http:\/\/web-zac.com\/index.php?rest_route=\/wp\/v2\/posts\/18067","targetHints":{"allow":["GET"]}}],"collection":[{"href":"http:\/\/web-zac.com\/index.php?rest_route=\/wp\/v2\/posts"}],"about":[{"href":"http:\/\/web-zac.com\/index.php?rest_route=\/wp\/v2\/types\/post"}],"author":[{"embeddable":true,"href":"http:\/\/web-zac.com\/index.php?rest_route=\/wp\/v2\/users\/3"}],"replies":[{"embeddable":true,"href":"http:\/\/web-zac.com\/index.php?rest_route=%2Fwp%2Fv2%2Fcomments&post=18067"}],"version-history":[{"count":1,"href":"http:\/\/web-zac.com\/index.php?rest_route=\/wp\/v2\/posts\/18067\/revisions"}],"predecessor-version":[{"id":18068,"href":"http:\/\/web-zac.com\/index.php?rest_route=\/wp\/v2\/posts\/18067\/revisions\/18068"}],"wp:featuredmedia":[{"embeddable":true,"href":"http:\/\/web-zac.com\/index.php?rest_route=\/wp\/v2\/media\/18066"}],"wp:attachment":[{"href":"http:\/\/web-zac.com\/index.php?rest_route=%2Fwp%2Fv2%2Fmedia&parent=18067"}],"wp:term":[{"taxonomy":"category","embeddable":true,"href":"http:\/\/web-zac.com\/index.php?rest_route=%2Fwp%2Fv2%2Fcategories&post=18067"},{"taxonomy":"post_tag","embeddable":true,"href":"http:\/\/web-zac.com\/index.php?rest_route=%2Fwp%2Fv2%2Ftags&post=18067"}],"curies":[{"name":"wp","href":"https:\/\/api.w.org\/{rel}","templated":true}]}}