{"id":18064,"date":"2024-03-22T08:28:40","date_gmt":"2024-03-22T14:28:40","guid":{"rendered":"http:\/\/web-zac.com\/?p=18064"},"modified":"2024-03-22T08:29:02","modified_gmt":"2024-03-22T14:29:02","slug":"la-estrategia-de-seguridad-sera-prioridad-para-saul-monreal-avila","status":"publish","type":"post","link":"http:\/\/web-zac.com\/?p=18064","title":{"rendered":"LA ESTRATEGIA DE SEGURIDAD SER\u00c1 PRIORIDAD PARA SA\u00daL MONREAL \u00c1VILA"},"content":{"rendered":"\n<p>\n<br>\n<br>Desde El Mineral: \u201cel tema de la seguridad requiere un tratamiento fino y con mucha determinaci\u00f3n, ser\u00e1 un tema prioritario en el Senado de la Rep\u00fablica. El pueblo no debe luchar contra el pueblo\u201d.\n<br>\n<br>Uno de los ejes prioritarios del tema de seguridad del gobierno que encabezar\u00e1 la candidata a la presidencia de la Rep\u00fablica, Claudia Sheinbaum Pardo ser\u00e1, erradicar las formas de violencias contra las mujeres, consolidar la Guardia Nacional con la coordinaci\u00f3n entre todos los niveles de gobierno, trabajar conjuntamente con las Fiscal\u00edas de la Rep\u00fablica y Entidades federativas, as\u00ed como el Poder Judicial que son dos brazos de apoyo que ayudar\u00e1n a la atenci\u00f3n de las causas profundas. Desde el primer d\u00eda del Gobierno del Segundo Piso de la Cuarta Transformaci\u00f3n, se ocupar\u00e1 de ello, desde las comisiones del Senado, la bancada de MORENA estar\u00e1 promovi\u00e9ndolo como tema prioritario. \n<br>\n<br>La problem\u00e1tica de la seguridad y por tanto las violencias son de car\u00e1cter hist\u00f3rico: se abandon\u00f3 el campo, se denost\u00f3 el trabajo campesino y obrero. Las estrategias para reparar el tejido social son fortalecer los cuerpos de seguridad, erradicar la impunidad y apostar por la justicia, adem\u00e1s de universalizar los programas sociales, la gente tiene necesidades. \n<br>\n<br>El candidato Sa\u00fal mencion\u00f3 que en el sexenio del presidente Andr\u00e9s Manuel, han aumentado los empleos en un m\u00e1ximo hist\u00f3rico, as\u00ed como los empleos afiliados al IMSS, esto significa certeza de derechos sociales. El aumento del salario m\u00ednimo es otro de los frentes de la estrategia de seguridad nacional. El primero de enero de este a\u00f1o se dio el sexto aumento salarial, que ahora es de 249 pesos diarios o siete mil 508 pesos mensuales. \u201cCuando inici\u00f3 la administraci\u00f3n de AMLO, apenas hab\u00eda un salario de 88 pesos. El presidente acaba de mandar al Poder Legislativo, est\u00e1 por aprobarse la reforma de Ley al art\u00edculo 123, que fijar\u00e1 los salarios m\u00ednimos, nunca m\u00e1s por debajo de la inflaci\u00f3n, como ocurri\u00f3 en el periodo neoliberal, mermando hasta en 70 por ciento el poder adquisitivo de millones de trabajadoras y trabajadores durante d\u00e9cadas \u00a1c\u00f3mo no quererlo!\u201d, agreg\u00f3.\n<br>\n<br>La candidata de la coalici\u00f3n Sigamos Haciendo Historia, Claudia Sheinbaum, dijo que durante su administraci\u00f3n en la capital del pa\u00eds logr\u00f3 disminuir en un 50% la percepci\u00f3n de la inseguridad y mostr\u00f3 que hubo un aumento del 69% en el \u00edndice de percepci\u00f3n de seguridad de los habitantes\u2026 nosotros dejamos la ciudad de M\u00e9xico con 56 delitos alto impacto diarios, cuando la recibimos estaba en 177, es decir una reducci\u00f3n del 58%\u00bb. \n<br>\n<br>\n<br>\n<br>\n<br>\n<br>\n<br>\n<br>\n<br>\n<br>\n<br>\n<br>\n<br>\n<br>Asimismo, comparti\u00f3 su mensaje el candidato con lo siguiente \u201cse tienen que generar las infraestructuras necesarias en energ\u00eda, en vivienda, en escuelas, en vialidades, en transporte p\u00fablico, en empleo. No es una receta aunque se ha demostrado que son factores fundamentales para recomponer el tejido social. Claudia Sheinbaum tiene experiencia en el tema de seguridad, es por eso que le vamos a apoyar. Se deben atender las causas profundas&nbsp; como las desigualdades, las injusticias y estamos trabajando en ello\u201d. \n<br>\n<br>En la Rep\u00fablica mexicana, la estrategia de seguridad ha disminuido la tendencia de los homicidios dolosos, seg\u00fan datos del Inegi. Desde el inicio de la guerra contra el narco en el 2006, hasta el 2018, se fueron alimentando las pol\u00edticas neoliberales de empobrecimiento del pueblo, lo que llev\u00f3 en parte, a que la gente buscar\u00e1 el sustento para vivir, siendo la pobreza una de las causas de la violencia. En cambio, dijo Monreal \u00c1vila que \u201cdel 2020 a la actualidad, la tendencia va a la baja, es decir, disminuye porcentualmente, con relaci\u00f3n a los a\u00f1os anteriores\u201d.\n<br>\n<br>De acuerdo con el Informe de Incidencia Delictiva del SESNSP-CNI, Zacatecas se sit\u00faa entre los primeros tres estados con la mayor disminuci\u00f3n en la Variaci\u00f3n de Homicidio Doloso por Entidad Federativa (v\u00edctimas) al comparar febrero de 2024 con febrero de 2023; en este rubro, Zacatecas tuvo una baja de 59.2 por ciento.\n<br>\n<br>Entre febrero de 2023 y febrero de 2024, Zacatecas est\u00e1 entre los primeros tres lugares en la disminuci\u00f3n de homicidios dolosos, con 59.2%. En cifras absolutas, Zacatecas se coloc\u00f3 en el lugar 15 en la Variaci\u00f3n de Homicidio Doloso por Entidad Federativa, con una disminuci\u00f3n de 11.1 por ciento, superando la media nacional, que fue de una disminuci\u00f3n de 5.3 por ciento. \n<br>\n<br>Para finalizar, Monreal \u00c1vila comparti\u00f3 su mensaje: \u201cEstamos trabajando desde todos los \u00f3rdenes de gobierno, es un trabajo delicado y muy duro, necesito de su confianza, pues Zacatecas no es la excepci\u00f3n, va mejorando. Tengan paciencia, no los vamos a defraudar\u201d.\n<br><\/p>\n\n\n\n<figure class=\"wp-block-image size-large\"><img loading=\"lazy\" decoding=\"async\" width=\"1024\" height=\"678\" src=\"http:\/\/web-zac.com\/wp-content\/uploads\/2024\/03\/img-20240321-wa02222837890717417040486-1024x678.jpg\" alt=\"\" class=\"wp-image-18063\" srcset=\"http:\/\/web-zac.com\/wp-content\/uploads\/2024\/03\/img-20240321-wa02222837890717417040486-1024x678.jpg 1024w, http:\/\/web-zac.com\/wp-content\/uploads\/2024\/03\/img-20240321-wa02222837890717417040486-300x199.jpg 300w, http:\/\/web-zac.com\/wp-content\/uploads\/2024\/03\/img-20240321-wa02222837890717417040486-768x508.jpg 768w, http:\/\/web-zac.com\/wp-content\/uploads\/2024\/03\/img-20240321-wa02222837890717417040486-1200x794.jpg 1200w, http:\/\/web-zac.com\/wp-content\/uploads\/2024\/03\/img-20240321-wa02222837890717417040486.jpg 1280w\" sizes=\"auto, (max-width: 1024px) 100vw, 1024px\" \/><\/figure>\n","protected":false},"excerpt":{"rendered":"<p>Desde El Mineral: \u201cel tema de la seguridad requiere un tratamiento fino y con mucha determinaci\u00f3n, ser\u00e1 un tema prioritario en el Senado de la Rep\u00fablica. El pueblo no debe luchar contra el pueblo\u201d. Uno de los ejes prioritarios del tema de seguridad del gobierno que encabezar\u00e1 la candidata a la presidencia de la Rep\u00fablica, [&hellip;]<\/p>\n","protected":false},"author":3,"featured_media":18063,"comment_status":"open","ping_status":"open","sticky":false,"template":"","format":"standard","meta":{"footnotes":""},"categories":[3],"tags":[],"class_list":["post-18064","post","type-post","status-publish","format-standard","has-post-thumbnail","hentry","category-webpolitica"],"jetpack_featured_media_url":"http:\/\/web-zac.com\/wp-content\/uploads\/2024\/03\/img-20240321-wa02222837890717417040486.jpg","_links":{"self":[{"href":"http:\/\/web-zac.com\/index.php?rest_route=\/wp\/v2\/posts\/18064","targetHints":{"allow":["GET"]}}],"collection":[{"href":"http:\/\/web-zac.com\/index.php?rest_route=\/wp\/v2\/posts"}],"about":[{"href":"http:\/\/web-zac.com\/index.php?rest_route=\/wp\/v2\/types\/post"}],"author":[{"embeddable":true,"href":"http:\/\/web-zac.com\/index.php?rest_route=\/wp\/v2\/users\/3"}],"replies":[{"embeddable":true,"href":"http:\/\/web-zac.com\/index.php?rest_route=%2Fwp%2Fv2%2Fcomments&post=18064"}],"version-history":[{"count":1,"href":"http:\/\/web-zac.com\/index.php?rest_route=\/wp\/v2\/posts\/18064\/revisions"}],"predecessor-version":[{"id":18065,"href":"http:\/\/web-zac.com\/index.php?rest_route=\/wp\/v2\/posts\/18064\/revisions\/18065"}],"wp:featuredmedia":[{"embeddable":true,"href":"http:\/\/web-zac.com\/index.php?rest_route=\/wp\/v2\/media\/18063"}],"wp:attachment":[{"href":"http:\/\/web-zac.com\/index.php?rest_route=%2Fwp%2Fv2%2Fmedia&parent=18064"}],"wp:term":[{"taxonomy":"category","embeddable":true,"href":"http:\/\/web-zac.com\/index.php?rest_route=%2Fwp%2Fv2%2Fcategories&post=18064"},{"taxonomy":"post_tag","embeddable":true,"href":"http:\/\/web-zac.com\/index.php?rest_route=%2Fwp%2Fv2%2Ftags&post=18064"}],"curies":[{"name":"wp","href":"https:\/\/api.w.org\/{rel}","templated":true}]}}