{"id":18058,"date":"2024-03-21T19:14:08","date_gmt":"2024-03-22T01:14:08","guid":{"rendered":"http:\/\/web-zac.com\/?p=18058"},"modified":"2024-03-21T19:14:46","modified_gmt":"2024-03-22T01:14:46","slug":"celebra-ayuntamiento-de-fresnillo-natalicio-de-benito-juarez","status":"publish","type":"post","link":"http:\/\/web-zac.com\/?p=18058","title":{"rendered":"CELEBRA AYUNTAMIENTO DE FRESNILLO NATALICIO DE BENITO JU\u00c1REZ"},"content":{"rendered":"\n<figure class=\"wp-block-image size-large\"><img loading=\"lazy\" decoding=\"async\" width=\"576\" height=\"1024\" src=\"http:\/\/web-zac.com\/wp-content\/uploads\/2024\/03\/img-20240321-wa00854731827451445978116-576x1024.jpg\" alt=\"\" class=\"wp-image-18057\" srcset=\"http:\/\/web-zac.com\/wp-content\/uploads\/2024\/03\/img-20240321-wa00854731827451445978116-576x1024.jpg 576w, http:\/\/web-zac.com\/wp-content\/uploads\/2024\/03\/img-20240321-wa00854731827451445978116-169x300.jpg 169w, http:\/\/web-zac.com\/wp-content\/uploads\/2024\/03\/img-20240321-wa00854731827451445978116-675x1200.jpg 675w, http:\/\/web-zac.com\/wp-content\/uploads\/2024\/03\/img-20240321-wa00854731827451445978116.jpg 720w\" sizes=\"auto, (max-width: 576px) 100vw, 576px\" \/><\/figure>\n\n\n\n<p><br>Fresnillo, Zac.- Con un acto c\u00edvico, el Ayuntamiento de Fresnillo celebr\u00f3 el 218\u00ba. aniversario del<br>natalicio de Benito Pablo Ju\u00e1rez Garc\u00eda. La Presidenta Municipal, Rita Roc\u00edo Qui\u00f1ones de Luna,<br>junto a regidores y funcionarios p\u00fablicos, rindi\u00f3 homenaje al Benem\u00e9rito de las Am\u00e9ricas.<br>El evento tuvo lugar en el Monumento a Benito Ju\u00e1rez, en la glorieta de la misma colonia. Alumnos<br>y docentes de escuela primaria y Jard\u00edn de Ni\u00f1os Francisco Goitia acompa\u00f1aron a las autoridades<br>municipales al homenaje.<br>Qui\u00f1ones de Luna record\u00f3 que Benito Ju\u00e1rez no s\u00f3lo fue el presidente de M\u00e9xico, sino tambi\u00e9n un<br>referente en la lucha por la igualdad y los derechos humanos. Pidi\u00f3 a los ni\u00f1os estudiar y conocer la<br>historia del pa\u00eds y que sean ellos ahora un gran ejemplo para la sociedad.<br>La primera edil, junto a Juan Manuel Loera L\u00f3pez, Secretario del Ayuntamiento, fueron los<br>encargados de colocar un juego floral al monumento del personaje hist\u00f3rico.<\/p>\n","protected":false},"excerpt":{"rendered":"<p>Fresnillo, Zac.- Con un acto c\u00edvico, el Ayuntamiento de Fresnillo celebr\u00f3 el 218\u00ba. aniversario delnatalicio de Benito Pablo Ju\u00e1rez Garc\u00eda. La Presidenta Municipal, Rita Roc\u00edo Qui\u00f1ones de Luna,junto a regidores y funcionarios p\u00fablicos, rindi\u00f3 homenaje al Benem\u00e9rito de las Am\u00e9ricas.El evento tuvo lugar en el Monumento a Benito Ju\u00e1rez, en la glorieta de la misma [&hellip;]<\/p>\n","protected":false},"author":3,"featured_media":18057,"comment_status":"open","ping_status":"open","sticky":false,"template":"","format":"standard","meta":{"footnotes":""},"categories":[19,6],"tags":[],"class_list":["post-18058","post","type-post","status-publish","format-standard","has-post-thumbnail","hentry","category-fresnillo","category-webmunicipios"],"jetpack_featured_media_url":"http:\/\/web-zac.com\/wp-content\/uploads\/2024\/03\/img-20240321-wa00854731827451445978116.jpg","_links":{"self":[{"href":"http:\/\/web-zac.com\/index.php?rest_route=\/wp\/v2\/posts\/18058","targetHints":{"allow":["GET"]}}],"collection":[{"href":"http:\/\/web-zac.com\/index.php?rest_route=\/wp\/v2\/posts"}],"about":[{"href":"http:\/\/web-zac.com\/index.php?rest_route=\/wp\/v2\/types\/post"}],"author":[{"embeddable":true,"href":"http:\/\/web-zac.com\/index.php?rest_route=\/wp\/v2\/users\/3"}],"replies":[{"embeddable":true,"href":"http:\/\/web-zac.com\/index.php?rest_route=%2Fwp%2Fv2%2Fcomments&post=18058"}],"version-history":[{"count":1,"href":"http:\/\/web-zac.com\/index.php?rest_route=\/wp\/v2\/posts\/18058\/revisions"}],"predecessor-version":[{"id":18059,"href":"http:\/\/web-zac.com\/index.php?rest_route=\/wp\/v2\/posts\/18058\/revisions\/18059"}],"wp:featuredmedia":[{"embeddable":true,"href":"http:\/\/web-zac.com\/index.php?rest_route=\/wp\/v2\/media\/18057"}],"wp:attachment":[{"href":"http:\/\/web-zac.com\/index.php?rest_route=%2Fwp%2Fv2%2Fmedia&parent=18058"}],"wp:term":[{"taxonomy":"category","embeddable":true,"href":"http:\/\/web-zac.com\/index.php?rest_route=%2Fwp%2Fv2%2Fcategories&post=18058"},{"taxonomy":"post_tag","embeddable":true,"href":"http:\/\/web-zac.com\/index.php?rest_route=%2Fwp%2Fv2%2Ftags&post=18058"}],"curies":[{"name":"wp","href":"https:\/\/api.w.org\/{rel}","templated":true}]}}