{"id":18049,"date":"2024-03-21T18:45:16","date_gmt":"2024-03-22T00:45:16","guid":{"rendered":"http:\/\/web-zac.com\/?p=18049"},"modified":"2024-03-21T18:45:40","modified_gmt":"2024-03-22T00:45:40","slug":"reforzaran-autoridades-acciones-de-vialidad-durante-festival-cultural-zacatecas-2024-y-vacaciones-de-semana-santa","status":"publish","type":"post","link":"http:\/\/web-zac.com\/?p=18049","title":{"rendered":"Reforzar\u00e1n autoridades acciones de vialidad durante Festival Cultural Zacatecas 2024 y vacaciones de Semana Santa<br>"},"content":{"rendered":"\n<figure class=\"wp-block-image size-large\"><img loading=\"lazy\" decoding=\"async\" width=\"300\" height=\"201\" src=\"http:\/\/web-zac.com\/wp-content\/uploads\/2024\/03\/img-20240321-wa01522157383692142022666-300x201.jpg\" alt=\"\" class=\"wp-image-18048\" srcset=\"http:\/\/web-zac.com\/wp-content\/uploads\/2024\/03\/img-20240321-wa01522157383692142022666-300x201.jpg 300w, http:\/\/web-zac.com\/wp-content\/uploads\/2024\/03\/img-20240321-wa01522157383692142022666-768x514.jpg 768w, http:\/\/web-zac.com\/wp-content\/uploads\/2024\/03\/img-20240321-wa01522157383692142022666.jpg 783w\" sizes=\"auto, (max-width: 300px) 100vw, 300px\" \/><\/figure>\n\n\n\n<p><br>\u25aa\ufe0f&nbsp; Se contemplan cierres a la circulaci\u00f3n a partir de las 17:00 horas, en avenida Hidalgo<br>\u25aa\ufe0f&nbsp; Para el Viernes Santo, a las 05:00 de la ma\u00f1ana, se dar\u00e1 inicio con despejes vehiculares en el retorno a San Francisco, calles Abasolo, Juan de Tolosa, Genaro Codina, Fernando Villalpando y avenidas Ju\u00e1rez e Hidalgo<br><br>Zacatecas, Zac., 21 marzo de 2024.- Con el prop\u00f3sito de generar seguridad en materia vial, a partir de este 23 de marzo y hasta el 6 de abril, la Direcci\u00f3n de Polic\u00eda de Seguridad Vial (DPSV) fortalecer\u00e1 sus estrategias en beneficio de las familias zacatecanas, participantes y visitantes que acudir\u00e1n a los distintos foros y espacios del Festival Cultural de la Paz en Zacatecas 2024. <br><br>En apoyo de dichas actividades, se contemplan cierres a la circulaci\u00f3n vehicular en avenida Hidalgo, a la&nbsp; altura del Portal de Rosales, a partir de las 17:00 horas o previamente, seg\u00fan la afluencia para los eventos programados.<br><br>Elementos de vialidad activar\u00e1n para el 29 de marzo (Viernes Santo) una serie de despejes vehiculares, a partir de las 05:00 de la ma\u00f1ana, en retorno a San Francisco, en las calles Abasolo, Juan de Tolosa, Genaro Codina, Fernando Villalpando y avenidas Ju\u00e1rez e Hidalgo, para permitir la realizaci\u00f3n de la Procesi\u00f3n del Silencio.<br><br>En relaci\u00f3n a lo anterior, autoridades solicitan a peatones y automovilistas acatar indicaciones viales para prevenir cualquier tipo de incidente y contratiempo.<br><br>Para reforzar las carreteras estatales, se contempla el actuar de las 44 delegaciones municipales, en apoyos viales, en coordinaci\u00f3n con las autoridades de los tres \u00f3rganos de Gobierno, quienes realizar\u00e1n recorridos de supervisi\u00f3n y vigilancia en rutas estatales.<br><br>Adem\u00e1s, se contar\u00e1 con personal operativo en los municipios de mayor movilidad y los considerados Pueblos M\u00e1gicos, los cuales atraen mayor n\u00famero de turistas que acuden a conocer los atributos socio-culturales.<br><br>\u2014ooOoo\u2014<\/p>\n","protected":false},"excerpt":{"rendered":"<p>\u25aa\ufe0f&nbsp; Se contemplan cierres a la circulaci\u00f3n a partir de las 17:00 horas, en avenida Hidalgo\u25aa\ufe0f&nbsp; Para el Viernes Santo, a las 05:00 de la ma\u00f1ana, se dar\u00e1 inicio con despejes vehiculares en el retorno a San Francisco, calles Abasolo, Juan de Tolosa, Genaro Codina, Fernando Villalpando y avenidas Ju\u00e1rez e Hidalgo Zacatecas, Zac., 21 [&hellip;]<\/p>\n","protected":false},"author":3,"featured_media":18048,"comment_status":"open","ping_status":"open","sticky":false,"template":"","format":"standard","meta":{"footnotes":""},"categories":[4,22],"tags":[],"class_list":["post-18049","post","type-post","status-publish","format-standard","has-post-thumbnail","hentry","category-webgobierno","category-gobierno"],"jetpack_featured_media_url":"http:\/\/web-zac.com\/wp-content\/uploads\/2024\/03\/img-20240321-wa01522157383692142022666.jpg","_links":{"self":[{"href":"http:\/\/web-zac.com\/index.php?rest_route=\/wp\/v2\/posts\/18049","targetHints":{"allow":["GET"]}}],"collection":[{"href":"http:\/\/web-zac.com\/index.php?rest_route=\/wp\/v2\/posts"}],"about":[{"href":"http:\/\/web-zac.com\/index.php?rest_route=\/wp\/v2\/types\/post"}],"author":[{"embeddable":true,"href":"http:\/\/web-zac.com\/index.php?rest_route=\/wp\/v2\/users\/3"}],"replies":[{"embeddable":true,"href":"http:\/\/web-zac.com\/index.php?rest_route=%2Fwp%2Fv2%2Fcomments&post=18049"}],"version-history":[{"count":1,"href":"http:\/\/web-zac.com\/index.php?rest_route=\/wp\/v2\/posts\/18049\/revisions"}],"predecessor-version":[{"id":18050,"href":"http:\/\/web-zac.com\/index.php?rest_route=\/wp\/v2\/posts\/18049\/revisions\/18050"}],"wp:featuredmedia":[{"embeddable":true,"href":"http:\/\/web-zac.com\/index.php?rest_route=\/wp\/v2\/media\/18048"}],"wp:attachment":[{"href":"http:\/\/web-zac.com\/index.php?rest_route=%2Fwp%2Fv2%2Fmedia&parent=18049"}],"wp:term":[{"taxonomy":"category","embeddable":true,"href":"http:\/\/web-zac.com\/index.php?rest_route=%2Fwp%2Fv2%2Fcategories&post=18049"},{"taxonomy":"post_tag","embeddable":true,"href":"http:\/\/web-zac.com\/index.php?rest_route=%2Fwp%2Fv2%2Ftags&post=18049"}],"curies":[{"name":"wp","href":"https:\/\/api.w.org\/{rel}","templated":true}]}}