{"id":18031,"date":"2024-03-20T10:22:54","date_gmt":"2024-03-20T16:22:54","guid":{"rendered":"http:\/\/web-zac.com\/?p=18031"},"modified":"2024-03-20T10:23:07","modified_gmt":"2024-03-20T16:23:07","slug":"ayuntamiento-sedena-y-conaforbuscan-prevenir-incendios-forestales","status":"publish","type":"post","link":"http:\/\/web-zac.com\/?p=18031","title":{"rendered":"AYUNTAMIENTO, SEDENA Y CONAFOR<br>BUSCAN PREVENIR INCENDIOS FORESTALES"},"content":{"rendered":"\n<figure class=\"wp-block-image size-large\"><img loading=\"lazy\" decoding=\"async\" width=\"1024\" height=\"768\" src=\"http:\/\/web-zac.com\/wp-content\/uploads\/2024\/03\/img-20240320-wa00082845323950301855792-1024x768.jpg\" alt=\"\" class=\"wp-image-18030\" srcset=\"http:\/\/web-zac.com\/wp-content\/uploads\/2024\/03\/img-20240320-wa00082845323950301855792-1024x768.jpg 1024w, http:\/\/web-zac.com\/wp-content\/uploads\/2024\/03\/img-20240320-wa00082845323950301855792-300x225.jpg 300w, http:\/\/web-zac.com\/wp-content\/uploads\/2024\/03\/img-20240320-wa00082845323950301855792-768x576.jpg 768w, http:\/\/web-zac.com\/wp-content\/uploads\/2024\/03\/img-20240320-wa00082845323950301855792-1200x900.jpg 1200w, http:\/\/web-zac.com\/wp-content\/uploads\/2024\/03\/img-20240320-wa00082845323950301855792.jpg 1408w\" sizes=\"auto, (max-width: 1024px) 100vw, 1024px\" \/><\/figure>\n\n\n\n<p><\/p>\n\n\n\n<p>Fresnillo, Zac.- Ante la pr\u00f3xima temporada de incendios forestales en la regi\u00f3n, los integrantes del Heroico Cuerpo de Bomberos de Fresnillo mantienen su coordinaci\u00f3n con elementos de la Secretar\u00eda de la Defensa Nacional (Sedena) y la Comisi\u00f3n Nacional Forestal (Conafor) para, mediante el monitoreo permanente, prevenir este tipo de siniestros.<br \/>V\u00edctor Ren\u00e9 Garc\u00eda Magallanes, titular del Departamento de Protecci\u00f3n Civil y Bomberos, destac\u00f3 que las tareas que ahora emprenden son fundamentales, en tanto que la notable sequ\u00eda que ahora prevalece en el entorno puede propiciar r\u00e1pidas dispersiones del fuego en los incendios forestales.<br \/>Con todo, matiz\u00f3, se cuenta con personal capacitado para mitigar cualquier connato de incendio que en las zonas de densidad forestal.<br \/>Se busca as\u00ed, en todo momento, evitar p\u00e9rdida de flora y fauna, y con ello la preservaci\u00f3n de todo h\u00e1bitat.<br \/>Garc\u00eda Magallanes destac\u00f3 que, respecto al origen de incendios forestales, la temporada comprendida entre enero y julio es la m\u00e1s riesgosa.<\/p>\n","protected":false},"excerpt":{"rendered":"<p>Fresnillo, Zac.- Ante la pr\u00f3xima temporada de incendios forestales en la regi\u00f3n, los integrantes del Heroico Cuerpo de Bomberos de Fresnillo mantienen su coordinaci\u00f3n con elementos de la Secretar\u00eda de la Defensa Nacional (Sedena) y la Comisi\u00f3n Nacional Forestal (Conafor) para, mediante el monitoreo permanente, prevenir este tipo de siniestros.V\u00edctor Ren\u00e9 Garc\u00eda Magallanes, titular del [&hellip;]<\/p>\n","protected":false},"author":3,"featured_media":18030,"comment_status":"open","ping_status":"open","sticky":false,"template":"","format":"standard","meta":{"footnotes":""},"categories":[19,6],"tags":[],"class_list":["post-18031","post","type-post","status-publish","format-standard","has-post-thumbnail","hentry","category-fresnillo","category-webmunicipios"],"jetpack_featured_media_url":"http:\/\/web-zac.com\/wp-content\/uploads\/2024\/03\/img-20240320-wa00082845323950301855792.jpg","_links":{"self":[{"href":"http:\/\/web-zac.com\/index.php?rest_route=\/wp\/v2\/posts\/18031","targetHints":{"allow":["GET"]}}],"collection":[{"href":"http:\/\/web-zac.com\/index.php?rest_route=\/wp\/v2\/posts"}],"about":[{"href":"http:\/\/web-zac.com\/index.php?rest_route=\/wp\/v2\/types\/post"}],"author":[{"embeddable":true,"href":"http:\/\/web-zac.com\/index.php?rest_route=\/wp\/v2\/users\/3"}],"replies":[{"embeddable":true,"href":"http:\/\/web-zac.com\/index.php?rest_route=%2Fwp%2Fv2%2Fcomments&post=18031"}],"version-history":[{"count":1,"href":"http:\/\/web-zac.com\/index.php?rest_route=\/wp\/v2\/posts\/18031\/revisions"}],"predecessor-version":[{"id":18032,"href":"http:\/\/web-zac.com\/index.php?rest_route=\/wp\/v2\/posts\/18031\/revisions\/18032"}],"wp:featuredmedia":[{"embeddable":true,"href":"http:\/\/web-zac.com\/index.php?rest_route=\/wp\/v2\/media\/18030"}],"wp:attachment":[{"href":"http:\/\/web-zac.com\/index.php?rest_route=%2Fwp%2Fv2%2Fmedia&parent=18031"}],"wp:term":[{"taxonomy":"category","embeddable":true,"href":"http:\/\/web-zac.com\/index.php?rest_route=%2Fwp%2Fv2%2Fcategories&post=18031"},{"taxonomy":"post_tag","embeddable":true,"href":"http:\/\/web-zac.com\/index.php?rest_route=%2Fwp%2Fv2%2Ftags&post=18031"}],"curies":[{"name":"wp","href":"https:\/\/api.w.org\/{rel}","templated":true}]}}