{"id":18019,"date":"2024-03-19T18:44:35","date_gmt":"2024-03-20T00:44:35","guid":{"rendered":"http:\/\/web-zac.com\/?p=18019"},"modified":"2024-03-19T18:44:59","modified_gmt":"2024-03-20T00:44:59","slug":"refrendan-maestrossu-respaldo-a-saul","status":"publish","type":"post","link":"http:\/\/web-zac.com\/?p=18019","title":{"rendered":"REFRENDAN MAESTROS\n<br>SU RESPALDO A SA\u00daL"},"content":{"rendered":"\n<p>\n<br>\n<br>* Liderazgos del magisterio zacatecano \n<br>del Sureste del Estado trabajar\u00e1n de la mano \n<br>con el candidato al Senado Monreal \u00c1vila\n<br>\n<br>Al reunirse con varios liderazgos del magisterio del Sureste del Estado, \u00e9stos,&nbsp; refrendaron su respaldo al candidato al Senado de la Rep\u00fablica, de MORENA, por Zacatecas. \u00abVamos a trabajar codo a codo por las mejores causas del gremio, ofreci\u00f3 el pol\u00edtico de Fresnillo a los profesores de un sector del magisterio\u00bb.\n<br>\n<br>Sa\u00fal Monreal \u00c1vila, reconoce el trabajo de las profesoras y profesores del magisterio zacatecano y la funci\u00f3n social que representan como constructores del desarrollo humano y profesional en la Entidad. Se deben de revisar los temas pendientes, evitando cualquier tipo de corrupci\u00f3n y confilcto de intereses, asi como lo establece nuestra candidata a la Presidencia de la Rep\u00fablica, la Doctora Claudia Sheinbaum, en sus Cien Compromisos \u201csabemos que si trabajamos de la mano y en consenso con el magisterio, la transformaci\u00f3n de la vida p\u00fablica de Zacatecas ser\u00e1 posible\u201d.\n<br>\n<br>Si bien es cierto que el problema magisterial es de car\u00e1cter hist\u00f3rico, hubo un abandono por parte de los gobiernos neoliberales donde se hicieron negocios con el dinero p\u00fablico y con la educaci\u00f3n de millones de mexicanas y mexicanos.&nbsp; Nada alejado de esta realidad, fue la reforma punitiva que amenaz\u00f3 con despedir arbitrariamente a docentes bajo un esquema que no contemplaba las condiciones particulares de cada regi\u00f3n de M\u00e9xico \u201ccon el liderazgo del presidente de la Rep\u00fablica, Andr\u00e9s Manuel L\u00f3pez Obrador, la Cuarta Tranformaci\u00f3n pudo eliminar dicha reforma y proponer una de car\u00e1cter humanista y rescatar los derechos universales de millones de ni\u00f1as, ni\u00f1os y adolecentes, as\u00ed como del magisterio\u201d.\n<br>\n<br>La lucha magisterial y el Gobierno de la 4T deben ir codo a codo, puesto que la oposici\u00f3n aun piensa en desarticular sistem\u00e1ticamente la educaci\u00f3n p\u00fablica para hacer negocios al margen del derecho universal, manteniendo sus privilegios. Se ha invitado al magisterio a continuar con la lucha y consolidar el segundo piso de la Cuarta Transformacipon de la mano de la candidata, Claudia Sheinbaum Pardo, una mujer de ciencia que conoce los retos de la academia.\n<br>\n<br>\u201cEs urgente que el segundo piso de la transformaci\u00f3n lo consolidemos codo a codo con las maestras y maestros para traer la justicia social, reconocer los derechos laborales y quitar de una vez por todas las incertidumbres que se fueron enraizando en la profesi\u00f3n\u201d.\n<br>\n<br>\n<br>\n<br>\n<br>\n<br>\n<br>\n<br>\n<br>\n<br>Es necesario el apoyo del magisterio para que la representaci\u00f3n en la C\u00e1mara Alta sea real, \u201csepan que desde el Senado de la Rep\u00fablica, tendr\u00e1n en Sa\u00fal Monreal alguien que primero les escuche y les cumpla. Mi voz ser\u00e1 la suya\u201d. Para lograrlo, se tiene que afianzar el Plan C. El paquete de reformas que present\u00f3 recientemente el presidente L\u00f3pez Obrador, propuso un salario m\u00edmino superior al promedio del IMSS y por encima de la inflaci\u00f3n. La postura es clara \u201cnada que se les va pagar lo que sobre\u201d.\n<br>\n<br>Para consolidar las demandas magisteriales y hacerlas reales, se tiene que acompa\u00f1ar el proyecto de la candidata a la presidencia de la rep\u00fablica, Claudia Sheinbaum, tal y como lo present\u00f3 en su centenar de compromisos. Se tiene que fortalecer la educaci\u00f3n media superior, \u201ces prioritario que las juventudes se mantengan en las escuelas y lleguen hasta las universidades\u201d.\n<br>\n<br>El candidado, sigue recorriendo el Estado de Zacatecas donde al d\u00eda de hoy lleva el 46% de municipios visitados, respaldando los compromisos con el pueblo zacatecano, escuchando las voces, de los adultos mayores, de las juventudes, las mujeres, las infancias, los campecinos, empresarios y al magisterio, Sa\u00fal Monreal Avila, sera un fiel representante de Zacatecas en la camara alta del pa\u00eds.&nbsp;&nbsp; \n<br><\/p>\n\n\n\n<figure class=\"wp-block-image size-large\"><img loading=\"lazy\" decoding=\"async\" width=\"1024\" height=\"941\" src=\"http:\/\/web-zac.com\/wp-content\/uploads\/2024\/03\/img-20240318-wa00652682567707690108123-1024x941.jpg\" alt=\"\" class=\"wp-image-18018\" srcset=\"http:\/\/web-zac.com\/wp-content\/uploads\/2024\/03\/img-20240318-wa00652682567707690108123-1024x941.jpg 1024w, http:\/\/web-zac.com\/wp-content\/uploads\/2024\/03\/img-20240318-wa00652682567707690108123-300x276.jpg 300w, http:\/\/web-zac.com\/wp-content\/uploads\/2024\/03\/img-20240318-wa00652682567707690108123-768x706.jpg 768w, http:\/\/web-zac.com\/wp-content\/uploads\/2024\/03\/img-20240318-wa00652682567707690108123.jpg 1160w\" sizes=\"auto, (max-width: 1024px) 100vw, 1024px\" \/><\/figure>\n","protected":false},"excerpt":{"rendered":"<p>* Liderazgos del magisterio zacatecano del Sureste del Estado trabajar\u00e1n de la mano con el candidato al Senado Monreal \u00c1vila Al reunirse con varios liderazgos del magisterio del Sureste del Estado, \u00e9stos,&nbsp; refrendaron su respaldo al candidato al Senado de la Rep\u00fablica, de MORENA, por Zacatecas. \u00abVamos a trabajar codo a codo por las mejores [&hellip;]<\/p>\n","protected":false},"author":3,"featured_media":18018,"comment_status":"open","ping_status":"open","sticky":false,"template":"","format":"standard","meta":{"footnotes":""},"categories":[3],"tags":[],"class_list":["post-18019","post","type-post","status-publish","format-standard","has-post-thumbnail","hentry","category-webpolitica"],"jetpack_featured_media_url":"http:\/\/web-zac.com\/wp-content\/uploads\/2024\/03\/img-20240318-wa00652682567707690108123.jpg","_links":{"self":[{"href":"http:\/\/web-zac.com\/index.php?rest_route=\/wp\/v2\/posts\/18019","targetHints":{"allow":["GET"]}}],"collection":[{"href":"http:\/\/web-zac.com\/index.php?rest_route=\/wp\/v2\/posts"}],"about":[{"href":"http:\/\/web-zac.com\/index.php?rest_route=\/wp\/v2\/types\/post"}],"author":[{"embeddable":true,"href":"http:\/\/web-zac.com\/index.php?rest_route=\/wp\/v2\/users\/3"}],"replies":[{"embeddable":true,"href":"http:\/\/web-zac.com\/index.php?rest_route=%2Fwp%2Fv2%2Fcomments&post=18019"}],"version-history":[{"count":1,"href":"http:\/\/web-zac.com\/index.php?rest_route=\/wp\/v2\/posts\/18019\/revisions"}],"predecessor-version":[{"id":18020,"href":"http:\/\/web-zac.com\/index.php?rest_route=\/wp\/v2\/posts\/18019\/revisions\/18020"}],"wp:featuredmedia":[{"embeddable":true,"href":"http:\/\/web-zac.com\/index.php?rest_route=\/wp\/v2\/media\/18018"}],"wp:attachment":[{"href":"http:\/\/web-zac.com\/index.php?rest_route=%2Fwp%2Fv2%2Fmedia&parent=18019"}],"wp:term":[{"taxonomy":"category","embeddable":true,"href":"http:\/\/web-zac.com\/index.php?rest_route=%2Fwp%2Fv2%2Fcategories&post=18019"},{"taxonomy":"post_tag","embeddable":true,"href":"http:\/\/web-zac.com\/index.php?rest_route=%2Fwp%2Fv2%2Ftags&post=18019"}],"curies":[{"name":"wp","href":"https:\/\/api.w.org\/{rel}","templated":true}]}}