{"id":17953,"date":"2024-03-12T16:16:51","date_gmt":"2024-03-12T22:16:51","guid":{"rendered":"http:\/\/web-zac.com\/?p=17953"},"modified":"2024-03-12T16:17:09","modified_gmt":"2024-03-12T22:17:09","slug":"comprometen-acuerdos-en-materia-de-seguridad-en-la-reunion-regional-de-secretarias-y-secretarios-de-seguridad-publica","status":"publish","type":"post","link":"http:\/\/web-zac.com\/?p=17953","title":{"rendered":"Comprometen acuerdos en materia de seguridad, en la reuni\u00f3n regional de Secretarias y Secretarios de Seguridad P\u00fablica"},"content":{"rendered":"\n<p><br><br>\u25aa\ufe0f&nbsp;&nbsp; Fortalecer\u00e1n capacitaci\u00f3n de elementos policiales en perspectiva de g\u00e9nero, primeros respondientes y juicios orales <br>\u25aa\ufe0f&nbsp;&nbsp; La coordinaci\u00f3n entre estados vecinos, la informaci\u00f3n y el control de las zonas lim\u00edtrofes son muy importantes para contrarrestar la criminalidad: Gobernador de Zacatecas<br><br>Zacatecas, Zac., 12 de marzo de 2024.-&nbsp; Fortalecer la capacitaci\u00f3n de elementos policiales en perspectiva de g\u00e9nero, as\u00ed como a los primeros respondientes y en juicios orales; adem\u00e1s de una red nacional de comunicaci\u00f3n entre fiscal\u00edas, y el intercambio de informaci\u00f3n para la seguridad en carreteras, fueron algunos de los acuerdos de la Primera Reuni\u00f3n Regional de la Zona Occidente 2024, de la Conferencia Nacional de Secretarias y Secretarios de Seguridad P\u00fablica (CNSSSP).<br><br>Durante dos d\u00edas, Zacatecas fue sede de este encuentro al que acudieron representantes de Aguascalientes, Jalisco, Quer\u00e9taro, Colima, Michoac\u00e1n, Guanajuato y Nayarit, as\u00ed como autoridades federales en materia de seguridad p\u00fablica. <br><br>En representaci\u00f3n de la Secretaria de Seguridad y Protecci\u00f3n Ciudadana del Gobierno de M\u00e9xico, Rosa Icela Rodr\u00edguez Vel\u00e1zquez, el Subsecretario de Seguridad P\u00fablica, Luis Rodr\u00edguez Bucio, dijo que la regi\u00f3n occidente tiene nuevas oportunidades de crecimiento y desarrollo y, para aprovecharlas, es necesario fortalecer la seguridad p\u00fablica, la confianza, la certeza jur\u00eddica y el libre ejercicio de los derechos de la ciudadan\u00eda.&nbsp; <br><br>Hemos coincidido en la necesidad de fortalecer la seguridad p\u00fablica en todas las regiones, en ampliar la presencia de la autoridad, en prevenir los delitos mediante acciones que suman el trabajo de otras dependencias y entidades del gobierno, as\u00ed como en responder a problem\u00e1ticas espec\u00edficas de seguridad, manifest\u00f3.<br><br>Por su parte, el Gobernador David Monreal \u00c1vila refiri\u00f3 el respaldo que, en materia de seguridad, ha brindado el Gobierno de M\u00e9xico a Zacatecas, a trav\u00e9s de las Secretar\u00edas de Seguridad y Protecci\u00f3n Ciudadana y de la Defensa Nacional, desde el primer d\u00eda de su administraci\u00f3n.<br><br>Asimismo, destac\u00f3 que la coordinaci\u00f3n entre estados vecinos, la informaci\u00f3n y el control de las zonas lim\u00edtrofes son muy importantes para contrarrestar la criminalidad, por ello, se pronunci\u00f3 por continuar en esta direcci\u00f3n.<br><br>Durante el segundo d\u00eda de trabajo tambi\u00e9n se abordaron temas de la Fiscal\u00eda Especializada de Control Regional, de prevenci\u00f3n y readaptaci\u00f3n Social, de la Coordinaci\u00f3n Nacional Antisecuestro y Delitos de Alto Impacto, as\u00ed como del Sistema Nacional de Seguridad P\u00fablica y del Registro P\u00fablico Vehicular.<br> <br>Y otro de los acuerdos convenidos fue que las entidades que conforman la zona occidente podr\u00e1n conocer el modelo bajo el cual trabaja el Centro de coordinaci\u00f3n integral, control, comando, comunicaci\u00f3n y c\u00f3mputo de la Secretar\u00eda de Seguridad de Nuevo Le\u00f3n y su coordinaci\u00f3n con el Centro de Justicia Estatal, a fin de que aprovechen la experiencia. <br><br>\u2014ooOoo\u2014<\/p>\n\n\n\n<figure class=\"wp-block-image size-large\"><img loading=\"lazy\" decoding=\"async\" width=\"1024\" height=\"682\" src=\"http:\/\/web-zac.com\/wp-content\/uploads\/2024\/03\/img-20240312-wa01746627855825909828316-1024x682.jpg\" alt=\"\" class=\"wp-image-17952\" srcset=\"http:\/\/web-zac.com\/wp-content\/uploads\/2024\/03\/img-20240312-wa01746627855825909828316-1024x682.jpg 1024w, http:\/\/web-zac.com\/wp-content\/uploads\/2024\/03\/img-20240312-wa01746627855825909828316-300x200.jpg 300w, http:\/\/web-zac.com\/wp-content\/uploads\/2024\/03\/img-20240312-wa01746627855825909828316-768x512.jpg 768w, http:\/\/web-zac.com\/wp-content\/uploads\/2024\/03\/img-20240312-wa01746627855825909828316-1536x1023.jpg 1536w, http:\/\/web-zac.com\/wp-content\/uploads\/2024\/03\/img-20240312-wa01746627855825909828316-1200x800.jpg 1200w, http:\/\/web-zac.com\/wp-content\/uploads\/2024\/03\/img-20240312-wa01746627855825909828316.jpg 1600w\" sizes=\"auto, (max-width: 1024px) 100vw, 1024px\" \/><\/figure>\n","protected":false},"excerpt":{"rendered":"<p>\u25aa\ufe0f&nbsp;&nbsp; Fortalecer\u00e1n capacitaci\u00f3n de elementos policiales en perspectiva de g\u00e9nero, primeros respondientes y juicios orales \u25aa\ufe0f&nbsp;&nbsp; La coordinaci\u00f3n entre estados vecinos, la informaci\u00f3n y el control de las zonas lim\u00edtrofes son muy importantes para contrarrestar la criminalidad: Gobernador de Zacatecas Zacatecas, Zac., 12 de marzo de 2024.-&nbsp; Fortalecer la capacitaci\u00f3n de elementos policiales en perspectiva [&hellip;]<\/p>\n","protected":false},"author":3,"featured_media":17952,"comment_status":"open","ping_status":"open","sticky":false,"template":"","format":"standard","meta":{"footnotes":""},"categories":[4,22],"tags":[],"class_list":["post-17953","post","type-post","status-publish","format-standard","has-post-thumbnail","hentry","category-webgobierno","category-gobierno"],"jetpack_featured_media_url":"http:\/\/web-zac.com\/wp-content\/uploads\/2024\/03\/img-20240312-wa01746627855825909828316.jpg","_links":{"self":[{"href":"http:\/\/web-zac.com\/index.php?rest_route=\/wp\/v2\/posts\/17953","targetHints":{"allow":["GET"]}}],"collection":[{"href":"http:\/\/web-zac.com\/index.php?rest_route=\/wp\/v2\/posts"}],"about":[{"href":"http:\/\/web-zac.com\/index.php?rest_route=\/wp\/v2\/types\/post"}],"author":[{"embeddable":true,"href":"http:\/\/web-zac.com\/index.php?rest_route=\/wp\/v2\/users\/3"}],"replies":[{"embeddable":true,"href":"http:\/\/web-zac.com\/index.php?rest_route=%2Fwp%2Fv2%2Fcomments&post=17953"}],"version-history":[{"count":1,"href":"http:\/\/web-zac.com\/index.php?rest_route=\/wp\/v2\/posts\/17953\/revisions"}],"predecessor-version":[{"id":17954,"href":"http:\/\/web-zac.com\/index.php?rest_route=\/wp\/v2\/posts\/17953\/revisions\/17954"}],"wp:featuredmedia":[{"embeddable":true,"href":"http:\/\/web-zac.com\/index.php?rest_route=\/wp\/v2\/media\/17952"}],"wp:attachment":[{"href":"http:\/\/web-zac.com\/index.php?rest_route=%2Fwp%2Fv2%2Fmedia&parent=17953"}],"wp:term":[{"taxonomy":"category","embeddable":true,"href":"http:\/\/web-zac.com\/index.php?rest_route=%2Fwp%2Fv2%2Fcategories&post=17953"},{"taxonomy":"post_tag","embeddable":true,"href":"http:\/\/web-zac.com\/index.php?rest_route=%2Fwp%2Fv2%2Ftags&post=17953"}],"curies":[{"name":"wp","href":"https:\/\/api.w.org\/{rel}","templated":true}]}}