{"id":17936,"date":"2024-03-12T08:45:10","date_gmt":"2024-03-12T14:45:10","guid":{"rendered":"http:\/\/web-zac.com\/?p=17936"},"modified":"2024-03-12T08:45:18","modified_gmt":"2024-03-12T14:45:18","slug":"gobierno-de-zacatecas-garantiza-busqueda-por-la-consolidacion-de-la-paz-y-erradicacion-de-la-violencia-en-contra-de-las-mujeres","status":"publish","type":"post","link":"http:\/\/web-zac.com\/?p=17936","title":{"rendered":"Gobierno de Zacatecas garantiza b\u00fasqueda por la consolidaci\u00f3n de la paz y erradicaci\u00f3n de la violencia en contra de las mujeres <br>"},"content":{"rendered":"\n<p><br>\u25aa\ufe0fAutoridades presentan una relator\u00eda sobre la marcha en conmemoraci\u00f3n del D\u00eda Internacional de las Mujeres <br>\u25aa\ufe0fSe colaborar\u00e1 con la Fiscal\u00eda General de Justicia del Estado para que se realicen las investigaciones pertinentes y se deslinden responsabilidades<br>\u25aa\ufe0fLa Semujer refrenda que se velar\u00e1 por la promoci\u00f3n de los derechos de las mujeres y vigilar\u00e1 que el proceso se lleve a cabo de manera eficiente<br><br>Zacatecas, Zac., 11 de marzo de 2024.- Tras presentar una relator\u00eda de lo que sucedi\u00f3 en Zacatecas el 8 de marzo, en la conmemoraci\u00f3n del D\u00eda Internacional de las Mujeres, autoridades refrendaron que el Gobierno del Estado busca la consolidaci\u00f3n de la paz en la entidad y la erradicaci\u00f3n de la violencia en contra de las mujeres. <br><br>Ante medios de comunicaci\u00f3n, Rodrigo Reyes Mug\u00fcerza, secretario general de Gobierno; el General Arturo Medina Mayoral, secretario de Seguridad P\u00fablica, y Karla Isabel Guardado Oropeza, secretaria de las Mujeres, dieron a conocer im\u00e1genes y detalles de lo que sucedi\u00f3 en la marcha del 8 de marzo en la capital del estado. <br><br>Se expuso que, en todo momento, se brind\u00f3 acompa\u00f1amiento y resguardo a quienes participaron en la manifestaci\u00f3n, tanto con las fuerzas de seguridad como de elementos de auxilio, como son la Cruz Roja Mexicana y la Coordinaci\u00f3n Estatal de Protecci\u00f3n Civil, bajo la observaci\u00f3n de la Comisi\u00f3n de Derechos Humanos del Estado de Zacatecas (CDHEZ).<br><br>El material se entreg\u00f3 a la Fiscal\u00eda General de Justicia del Estado (FGJE) para que se realicen las investigaciones pertinentes. Tambi\u00e9n se ofreci\u00f3 la total disposici\u00f3n de colaborar a fin de deslindar responsabilidades. <br><br>Ante ello, se hizo un llamado a las mujeres que se encontraban en el lugar a que denuncien probables actos de abuso de las autoridades para que la Fiscal\u00eda realice los procedimientos correspondientes, con la seguridad de que se brindar\u00e1n todas las garant\u00edas para que no existan represalias de ning\u00fan tipo. <br><br>Por su parte, la Secretar\u00eda de las Mujeres dio a conocer que se han seguido de cerca las acciones acaecidas antes, durante y despu\u00e9s del 8M en Zacatecas, por lo que refrend\u00f3 que, en todo momento, se velar\u00e1 por la promoci\u00f3n de los derechos de las mujeres y vigilar\u00e1 que esto se lleve a cabo de manera eficiente. <br><br>Finalmente, el Secretario General de Gobierno precis\u00f3 que se continuar\u00e1 con las acciones que consoliden la pacificaci\u00f3n de Zacatecas y, asimismo, se avanzar\u00e1 en el proceso para que las mujeres tengan una vida libre de violencia y que se alcance el bienestar que tanto anhelan las y los zacatecanos. <br><br>\u2014ooOoo\u2014<\/p>\n\n\n\n<figure class=\"wp-block-image size-large\"><img loading=\"lazy\" decoding=\"async\" width=\"1024\" height=\"678\" src=\"http:\/\/web-zac.com\/wp-content\/uploads\/2024\/03\/img-20240311-wa02147434165919049667907-1024x678.jpg\" alt=\"\" class=\"wp-image-17935\" srcset=\"http:\/\/web-zac.com\/wp-content\/uploads\/2024\/03\/img-20240311-wa02147434165919049667907-1024x678.jpg 1024w, http:\/\/web-zac.com\/wp-content\/uploads\/2024\/03\/img-20240311-wa02147434165919049667907-300x199.jpg 300w, http:\/\/web-zac.com\/wp-content\/uploads\/2024\/03\/img-20240311-wa02147434165919049667907-768x509.jpg 768w, http:\/\/web-zac.com\/wp-content\/uploads\/2024\/03\/img-20240311-wa02147434165919049667907-1200x795.jpg 1200w, http:\/\/web-zac.com\/wp-content\/uploads\/2024\/03\/img-20240311-wa02147434165919049667907.jpg 1232w\" sizes=\"auto, (max-width: 1024px) 100vw, 1024px\" \/><\/figure>\n","protected":false},"excerpt":{"rendered":"<p>\u25aa\ufe0fAutoridades presentan una relator\u00eda sobre la marcha en conmemoraci\u00f3n del D\u00eda Internacional de las Mujeres \u25aa\ufe0fSe colaborar\u00e1 con la Fiscal\u00eda General de Justicia del Estado para que se realicen las investigaciones pertinentes y se deslinden responsabilidades\u25aa\ufe0fLa Semujer refrenda que se velar\u00e1 por la promoci\u00f3n de los derechos de las mujeres y vigilar\u00e1 que el proceso [&hellip;]<\/p>\n","protected":false},"author":3,"featured_media":17935,"comment_status":"open","ping_status":"open","sticky":false,"template":"","format":"standard","meta":{"footnotes":""},"categories":[4,22],"tags":[],"class_list":["post-17936","post","type-post","status-publish","format-standard","has-post-thumbnail","hentry","category-webgobierno","category-gobierno"],"jetpack_featured_media_url":"http:\/\/web-zac.com\/wp-content\/uploads\/2024\/03\/img-20240311-wa02147434165919049667907.jpg","_links":{"self":[{"href":"http:\/\/web-zac.com\/index.php?rest_route=\/wp\/v2\/posts\/17936","targetHints":{"allow":["GET"]}}],"collection":[{"href":"http:\/\/web-zac.com\/index.php?rest_route=\/wp\/v2\/posts"}],"about":[{"href":"http:\/\/web-zac.com\/index.php?rest_route=\/wp\/v2\/types\/post"}],"author":[{"embeddable":true,"href":"http:\/\/web-zac.com\/index.php?rest_route=\/wp\/v2\/users\/3"}],"replies":[{"embeddable":true,"href":"http:\/\/web-zac.com\/index.php?rest_route=%2Fwp%2Fv2%2Fcomments&post=17936"}],"version-history":[{"count":1,"href":"http:\/\/web-zac.com\/index.php?rest_route=\/wp\/v2\/posts\/17936\/revisions"}],"predecessor-version":[{"id":17937,"href":"http:\/\/web-zac.com\/index.php?rest_route=\/wp\/v2\/posts\/17936\/revisions\/17937"}],"wp:featuredmedia":[{"embeddable":true,"href":"http:\/\/web-zac.com\/index.php?rest_route=\/wp\/v2\/media\/17935"}],"wp:attachment":[{"href":"http:\/\/web-zac.com\/index.php?rest_route=%2Fwp%2Fv2%2Fmedia&parent=17936"}],"wp:term":[{"taxonomy":"category","embeddable":true,"href":"http:\/\/web-zac.com\/index.php?rest_route=%2Fwp%2Fv2%2Fcategories&post=17936"},{"taxonomy":"post_tag","embeddable":true,"href":"http:\/\/web-zac.com\/index.php?rest_route=%2Fwp%2Fv2%2Ftags&post=17936"}],"curies":[{"name":"wp","href":"https:\/\/api.w.org\/{rel}","templated":true}]}}