{"id":17924,"date":"2024-03-11T18:42:11","date_gmt":"2024-03-12T00:42:11","guid":{"rendered":"http:\/\/web-zac.com\/?p=17924"},"modified":"2024-03-11T18:42:21","modified_gmt":"2024-03-12T00:42:21","slug":"gobierno-del-estado-de-zacatecas-inicia-semana-con-honores-a-la-bandera","status":"publish","type":"post","link":"http:\/\/web-zac.com\/?p=17924","title":{"rendered":"Gobierno del Estado de&nbsp; Zacatecas inicia semana con Honores a la Bandera"},"content":{"rendered":"\n<p><br><br>Zacatecas, Zac., 11 de marzo de 2024.- Como parte de las acciones de recuperaci\u00f3n de paz y regeneraci\u00f3n del tejido social, esta ma\u00f1ana, el Gobierno del Estado de Zacatecas, encabezado por el mandatario David Monreal \u00c1vila, comenz\u00f3 el trabajo semanal con la realizaci\u00f3n de Honores a la Bandera. <br><br>Evento en el que se reconoci\u00f3 a la sociedad civil de todos los sectores y todos los rincones del estado por el trabajo que realizan diariamente desde sus trincheras para tener un Zacatecas con paz y bienestar. <br><br>La ceremonia c\u00edvica se llev\u00f3 a cabo a primera hora, en las instalaciones de Ciudad Administrativa, con el acompa\u00f1amiento de alumnos de la Secundaria T\u00e9cnica n\u00famero 1. Acto seguido, el mandatario estatal encabez\u00f3 los trabajos de la Mesa Estatal de Construcci\u00f3n de Paz. <br><br>\u2014<\/p>\n\n\n\n<figure class=\"wp-block-image size-large\"><img loading=\"lazy\" decoding=\"async\" width=\"1024\" height=\"682\" src=\"http:\/\/web-zac.com\/wp-content\/uploads\/2024\/03\/img-20240311-wa00344648103911525851763-1024x682.jpg\" alt=\"\" class=\"wp-image-17923\" srcset=\"http:\/\/web-zac.com\/wp-content\/uploads\/2024\/03\/img-20240311-wa00344648103911525851763-1024x682.jpg 1024w, http:\/\/web-zac.com\/wp-content\/uploads\/2024\/03\/img-20240311-wa00344648103911525851763-300x200.jpg 300w, http:\/\/web-zac.com\/wp-content\/uploads\/2024\/03\/img-20240311-wa00344648103911525851763-768x512.jpg 768w, http:\/\/web-zac.com\/wp-content\/uploads\/2024\/03\/img-20240311-wa00344648103911525851763-1200x800.jpg 1200w, http:\/\/web-zac.com\/wp-content\/uploads\/2024\/03\/img-20240311-wa00344648103911525851763.jpg 1280w\" sizes=\"auto, (max-width: 1024px) 100vw, 1024px\" \/><\/figure>\n","protected":false},"excerpt":{"rendered":"<p>Zacatecas, Zac., 11 de marzo de 2024.- Como parte de las acciones de recuperaci\u00f3n de paz y regeneraci\u00f3n del tejido social, esta ma\u00f1ana, el Gobierno del Estado de Zacatecas, encabezado por el mandatario David Monreal \u00c1vila, comenz\u00f3 el trabajo semanal con la realizaci\u00f3n de Honores a la Bandera. Evento en el que se reconoci\u00f3 a [&hellip;]<\/p>\n","protected":false},"author":3,"featured_media":17923,"comment_status":"open","ping_status":"open","sticky":false,"template":"","format":"standard","meta":{"footnotes":""},"categories":[4,22],"tags":[],"class_list":["post-17924","post","type-post","status-publish","format-standard","has-post-thumbnail","hentry","category-webgobierno","category-gobierno"],"jetpack_featured_media_url":"http:\/\/web-zac.com\/wp-content\/uploads\/2024\/03\/img-20240311-wa00344648103911525851763.jpg","_links":{"self":[{"href":"http:\/\/web-zac.com\/index.php?rest_route=\/wp\/v2\/posts\/17924","targetHints":{"allow":["GET"]}}],"collection":[{"href":"http:\/\/web-zac.com\/index.php?rest_route=\/wp\/v2\/posts"}],"about":[{"href":"http:\/\/web-zac.com\/index.php?rest_route=\/wp\/v2\/types\/post"}],"author":[{"embeddable":true,"href":"http:\/\/web-zac.com\/index.php?rest_route=\/wp\/v2\/users\/3"}],"replies":[{"embeddable":true,"href":"http:\/\/web-zac.com\/index.php?rest_route=%2Fwp%2Fv2%2Fcomments&post=17924"}],"version-history":[{"count":1,"href":"http:\/\/web-zac.com\/index.php?rest_route=\/wp\/v2\/posts\/17924\/revisions"}],"predecessor-version":[{"id":17925,"href":"http:\/\/web-zac.com\/index.php?rest_route=\/wp\/v2\/posts\/17924\/revisions\/17925"}],"wp:featuredmedia":[{"embeddable":true,"href":"http:\/\/web-zac.com\/index.php?rest_route=\/wp\/v2\/media\/17923"}],"wp:attachment":[{"href":"http:\/\/web-zac.com\/index.php?rest_route=%2Fwp%2Fv2%2Fmedia&parent=17924"}],"wp:term":[{"taxonomy":"category","embeddable":true,"href":"http:\/\/web-zac.com\/index.php?rest_route=%2Fwp%2Fv2%2Fcategories&post=17924"},{"taxonomy":"post_tag","embeddable":true,"href":"http:\/\/web-zac.com\/index.php?rest_route=%2Fwp%2Fv2%2Ftags&post=17924"}],"curies":[{"name":"wp","href":"https:\/\/api.w.org\/{rel}","templated":true}]}}