{"id":17917,"date":"2024-03-10T21:14:12","date_gmt":"2024-03-11T03:14:12","guid":{"rendered":"http:\/\/web-zac.com\/?p=17917"},"modified":"2024-03-10T21:14:31","modified_gmt":"2024-03-11T03:14:31","slug":"saul-monreal-reitera-su-compromiso-a-habitantes-de-fresnillo","status":"publish","type":"post","link":"http:\/\/web-zac.com\/?p=17917","title":{"rendered":"SA\u00daL MONREAL REITERA SU COMPROMISO A HABITANTES DE&nbsp; FRESNILLO"},"content":{"rendered":"\n<p>\n<br>\n<br>\n<br>*En su cuarta visita a El Mineral, Saul Monreal \u00c1vila, candidato al Senado de la Rep\u00fablica por la coalici\u00f3n Seguiremos Haciendo Historia, asegur\u00f3 que habr\u00e1 resultados, tal y como lo hizo durante la administraci\u00f3n municipal. \n<br>\n<br>\n<br>Reiterando el compromiso de ser su aliado para su gente en la c\u00e1mara alta, Sa\u00fal Monreal Avila, candidato al Senado de la Rep\u00fablica por MORENA estuvo por cuarta vez en el municipio de Fresnillo.\n<br>\n<br>Fueron los habitantes de la comunidad de El Salto lo que agradecieron que sea el primer candidato a senador que visite las comunidades y se comprometa a gestionar mejores obras carreteras y recursos para el sector agr\u00edcola en las \u201caltas esferas\u201d\n<br>\n<br>Delegados comunitarios son fieles testigos de lo hecho por Saul Monreal cuando fue presidente municipal como la pavimenta cian de calles, construir espacios deportivos, llevar agua y luz el\u00e9ctrica a quienes no ten\u00edan acceso a este servicio.\n<br>\n<br>\u201cSabemos que no nos va a fallar, porque si nos cumpli\u00f3 en cinco a\u00f1os cuando fue presidente municipal\u201d, le expres\u00f3 una de las habitantes de la Estaci\u00f3n San Jos\u00e9, hasta donde tambi\u00e9n acudieron personas de Chichimequillas, Ba\u00f1on, La Laguna, entre otras comunidades.\n<br>\n<br>Monreal \u00c1vila correspondi\u00f3 al cari\u00f1o de cada persona de la tierra de \u201cgente buena, trabajadora, a la que le debo mucho y de la que no voy a olvidar el cari\u00f1o que le tengo\u201d.\n<br>\n<br>El ambiente de fiesta y buen recibimiento sigui\u00f3 en la Colonia Balcones sobre la calle Pedro Valtierra.\n<br>\n<br>Fueron los colonos los que advirtieron a la gente presente con un \u201clos de antes van a venir a prometerles lo que no hicieron en 70 a\u00f1os, pero aqu\u00ed est\u00e1 Saul, que es la muestra de que va a hacer cosas m\u00e1s grandes en la C\u00e1mara de Senadores\u201d.\n<br><\/p>\n\n\n\n<figure class=\"wp-block-image size-large\"><img loading=\"lazy\" decoding=\"async\" width=\"1024\" height=\"582\" src=\"http:\/\/web-zac.com\/wp-content\/uploads\/2024\/03\/img-20240310-wa01164392731561319379577-1024x582.jpg\" alt=\"\" class=\"wp-image-17916\" srcset=\"http:\/\/web-zac.com\/wp-content\/uploads\/2024\/03\/img-20240310-wa01164392731561319379577-1024x582.jpg 1024w, http:\/\/web-zac.com\/wp-content\/uploads\/2024\/03\/img-20240310-wa01164392731561319379577-300x171.jpg 300w, http:\/\/web-zac.com\/wp-content\/uploads\/2024\/03\/img-20240310-wa01164392731561319379577-768x437.jpg 768w, http:\/\/web-zac.com\/wp-content\/uploads\/2024\/03\/img-20240310-wa01164392731561319379577-1536x874.jpg 1536w, http:\/\/web-zac.com\/wp-content\/uploads\/2024\/03\/img-20240310-wa01164392731561319379577-1200x683.jpg 1200w, http:\/\/web-zac.com\/wp-content\/uploads\/2024\/03\/img-20240310-wa01164392731561319379577.jpg 1600w\" sizes=\"auto, (max-width: 1024px) 100vw, 1024px\" \/><\/figure>\n","protected":false},"excerpt":{"rendered":"<p>*En su cuarta visita a El Mineral, Saul Monreal \u00c1vila, candidato al Senado de la Rep\u00fablica por la coalici\u00f3n Seguiremos Haciendo Historia, asegur\u00f3 que habr\u00e1 resultados, tal y como lo hizo durante la administraci\u00f3n municipal. Reiterando el compromiso de ser su aliado para su gente en la c\u00e1mara alta, Sa\u00fal Monreal Avila, candidato al Senado [&hellip;]<\/p>\n","protected":false},"author":3,"featured_media":17916,"comment_status":"open","ping_status":"open","sticky":false,"template":"","format":"standard","meta":{"footnotes":""},"categories":[3],"tags":[],"class_list":["post-17917","post","type-post","status-publish","format-standard","has-post-thumbnail","hentry","category-webpolitica"],"jetpack_featured_media_url":"http:\/\/web-zac.com\/wp-content\/uploads\/2024\/03\/img-20240310-wa01164392731561319379577.jpg","_links":{"self":[{"href":"http:\/\/web-zac.com\/index.php?rest_route=\/wp\/v2\/posts\/17917","targetHints":{"allow":["GET"]}}],"collection":[{"href":"http:\/\/web-zac.com\/index.php?rest_route=\/wp\/v2\/posts"}],"about":[{"href":"http:\/\/web-zac.com\/index.php?rest_route=\/wp\/v2\/types\/post"}],"author":[{"embeddable":true,"href":"http:\/\/web-zac.com\/index.php?rest_route=\/wp\/v2\/users\/3"}],"replies":[{"embeddable":true,"href":"http:\/\/web-zac.com\/index.php?rest_route=%2Fwp%2Fv2%2Fcomments&post=17917"}],"version-history":[{"count":1,"href":"http:\/\/web-zac.com\/index.php?rest_route=\/wp\/v2\/posts\/17917\/revisions"}],"predecessor-version":[{"id":17918,"href":"http:\/\/web-zac.com\/index.php?rest_route=\/wp\/v2\/posts\/17917\/revisions\/17918"}],"wp:featuredmedia":[{"embeddable":true,"href":"http:\/\/web-zac.com\/index.php?rest_route=\/wp\/v2\/media\/17916"}],"wp:attachment":[{"href":"http:\/\/web-zac.com\/index.php?rest_route=%2Fwp%2Fv2%2Fmedia&parent=17917"}],"wp:term":[{"taxonomy":"category","embeddable":true,"href":"http:\/\/web-zac.com\/index.php?rest_route=%2Fwp%2Fv2%2Fcategories&post=17917"},{"taxonomy":"post_tag","embeddable":true,"href":"http:\/\/web-zac.com\/index.php?rest_route=%2Fwp%2Fv2%2Ftags&post=17917"}],"curies":[{"name":"wp","href":"https:\/\/api.w.org\/{rel}","templated":true}]}}