{"id":17914,"date":"2024-03-10T09:47:44","date_gmt":"2024-03-10T15:47:44","guid":{"rendered":"http:\/\/web-zac.com\/?p=17914"},"modified":"2024-03-10T09:48:09","modified_gmt":"2024-03-10T15:48:09","slug":"juchipila-tabasco-villanueva-y-jerez-con-saul-monreal-para-al-senado","status":"publish","type":"post","link":"http:\/\/web-zac.com\/?p=17914","title":{"rendered":"JUCHIPILA, TABASCO&nbsp; VILLANUEVA Y JEREZ CON SA\u00daL MONREAL PARA AL SENADO"},"content":{"rendered":"\n<figure class=\"wp-block-image size-large\"><img loading=\"lazy\" decoding=\"async\" width=\"1024\" height=\"682\" src=\"http:\/\/web-zac.com\/wp-content\/uploads\/2024\/03\/img-20240309-wa0130371746243019972372-1024x682.jpg\" alt=\"\" class=\"wp-image-17913\" srcset=\"http:\/\/web-zac.com\/wp-content\/uploads\/2024\/03\/img-20240309-wa0130371746243019972372-1024x682.jpg 1024w, http:\/\/web-zac.com\/wp-content\/uploads\/2024\/03\/img-20240309-wa0130371746243019972372-300x200.jpg 300w, http:\/\/web-zac.com\/wp-content\/uploads\/2024\/03\/img-20240309-wa0130371746243019972372-768x512.jpg 768w, http:\/\/web-zac.com\/wp-content\/uploads\/2024\/03\/img-20240309-wa0130371746243019972372-1536x1023.jpg 1536w, http:\/\/web-zac.com\/wp-content\/uploads\/2024\/03\/img-20240309-wa0130371746243019972372-1200x800.jpg 1200w, http:\/\/web-zac.com\/wp-content\/uploads\/2024\/03\/img-20240309-wa0130371746243019972372.jpg 1600w\" sizes=\"auto, (max-width: 1024px) 100vw, 1024px\" \/><\/figure>\n\n\n\n<p>*Jerez y Villanueva se van a pintar de guinda, porque SMA va a llegar al Senado<\/p>\n\n\n\n<p>Saul Monreal \u00c1vila, candidato al Senado de la Rep\u00fablica por la coalici\u00f3n \u201cSeguiremos Haciendo Historia\u201d hizo el compromiso de ser el legislador que represente a maestros, productores de maguey, comerciantes y la comunidad migrante.<\/p>\n\n\n\n<p>A primera hora, en la comunidad de Palo Verde, Juchipila escuch\u00f3 a varios de los comerciantes del mercado, con quienes hizo el compromiso de mejorar este lugar.<\/p>\n\n\n\n<p>Acompa\u00f1ado por habitantes del lugar, hizo un recorrido por la parroquia San Francisco de As\u00eds en donde recibi\u00f3 la bendici\u00f3n del p\u00e1rroco dese\u00e1ndole \u00e9xito en cada municipio y que siga siendo un hombre de fe.<\/p>\n\n\n\n<p>Al pr\u00f3ximo senador le pidieron ser la voz de los paisanos que radican en Estados Unidos, apoyar a los productores de agave, y legislar por qu\u00e9 la zona de los ca\u00f1ones tenga presas y bordos.<\/p>\n\n\n\n<p>Las cooperativas dedicadas a la producci\u00f3n de tilapia de Tabasco arroparon al candidato, al que pidieron apoyar desde cualquier trinchera a los campesinos.<\/p>\n\n\n\n<p>Desde la plaza principal de la comunidad de El Chique, sus habitantes le aseguraron de frente a Sa\u00fal Monreal que, \u201cpuede estar seguro de que ser\u00e1 electo como Senador, porque el voto se lo daremos cada uno de nosotros \u201c<\/p>\n\n\n\n<p>Igual de c\u00e1lida fue la bienvenida para Monreal \u00c1vila en Villanueva, hasta donde maestros jubilados, pensi\u00f3nalos y en activo se comprometieron a abanderar cada uno de los compromisos de la candidata a la presidencia de la Rep\u00fablica, Claudia Sheinbaum.<\/p>\n\n\n\n<p>\u201cA los maestros, les digo que, voy a ser un aliado en la educaci\u00f3n\u2026 he de luchar sin descanso por mi gente de Zacatecas, cada uno de sus municipios y comunidades\u201d, expres\u00f3 el candidato al senado por MORENA.<\/p>\n\n\n\n<p>Iluminados por la \u201cLuz de la Esperanza\u201d del pueblo m\u00e1gico de Jerez y al grito de \u00a1vamos a ganar, si o si!, el Saul Monreal \u00c1vila dijo a su gente que estar\u00e1 a la altura de la realidad<\/p>\n\n\n\n<p>de Zacatecas, porque es un \u201chombre de retos y de fe\u201d.<\/p>\n\n\n\n<p>El acompa\u00f1amiento de los j\u00f3venes en cada uno de los 14 municipios recorridos en 9 d\u00edas de campa\u00f1a tambi\u00e9n, fue destacado por el candidato al Senado, ya que son ellos el impulso para lograr el triunfo el pr\u00f3ximo 2 de junio.<\/p>\n","protected":false},"excerpt":{"rendered":"<p>*Jerez y Villanueva se van a pintar de guinda, porque SMA va a llegar al Senado Saul Monreal \u00c1vila, candidato al Senado de la Rep\u00fablica por la coalici\u00f3n \u201cSeguiremos Haciendo Historia\u201d hizo el compromiso de ser el legislador que represente a maestros, productores de maguey, comerciantes y la comunidad migrante. A primera hora, en la [&hellip;]<\/p>\n","protected":false},"author":3,"featured_media":17913,"comment_status":"open","ping_status":"open","sticky":false,"template":"","format":"standard","meta":{"footnotes":""},"categories":[3],"tags":[],"class_list":["post-17914","post","type-post","status-publish","format-standard","has-post-thumbnail","hentry","category-webpolitica"],"jetpack_featured_media_url":"http:\/\/web-zac.com\/wp-content\/uploads\/2024\/03\/img-20240309-wa0130371746243019972372.jpg","_links":{"self":[{"href":"http:\/\/web-zac.com\/index.php?rest_route=\/wp\/v2\/posts\/17914","targetHints":{"allow":["GET"]}}],"collection":[{"href":"http:\/\/web-zac.com\/index.php?rest_route=\/wp\/v2\/posts"}],"about":[{"href":"http:\/\/web-zac.com\/index.php?rest_route=\/wp\/v2\/types\/post"}],"author":[{"embeddable":true,"href":"http:\/\/web-zac.com\/index.php?rest_route=\/wp\/v2\/users\/3"}],"replies":[{"embeddable":true,"href":"http:\/\/web-zac.com\/index.php?rest_route=%2Fwp%2Fv2%2Fcomments&post=17914"}],"version-history":[{"count":1,"href":"http:\/\/web-zac.com\/index.php?rest_route=\/wp\/v2\/posts\/17914\/revisions"}],"predecessor-version":[{"id":17915,"href":"http:\/\/web-zac.com\/index.php?rest_route=\/wp\/v2\/posts\/17914\/revisions\/17915"}],"wp:featuredmedia":[{"embeddable":true,"href":"http:\/\/web-zac.com\/index.php?rest_route=\/wp\/v2\/media\/17913"}],"wp:attachment":[{"href":"http:\/\/web-zac.com\/index.php?rest_route=%2Fwp%2Fv2%2Fmedia&parent=17914"}],"wp:term":[{"taxonomy":"category","embeddable":true,"href":"http:\/\/web-zac.com\/index.php?rest_route=%2Fwp%2Fv2%2Fcategories&post=17914"},{"taxonomy":"post_tag","embeddable":true,"href":"http:\/\/web-zac.com\/index.php?rest_route=%2Fwp%2Fv2%2Ftags&post=17914"}],"curies":[{"name":"wp","href":"https:\/\/api.w.org\/{rel}","templated":true}]}}