{"id":17895,"date":"2024-03-07T16:16:57","date_gmt":"2024-03-07T22:16:57","guid":{"rendered":"http:\/\/web-zac.com\/?p=17895"},"modified":"2024-04-05T13:41:59","modified_gmt":"2024-04-05T19:41:59","slug":"rock-narracion-oral-titeres-y-cuentos-para-las-infancias-en-el-festival-cultural-por-la-paz-zacatecas-2024","status":"publish","type":"post","link":"http:\/\/web-zac.com\/?p=17895","title":{"rendered":"Rock, narraci\u00f3n oral, t\u00edteres y cuentos para las infancias en el Festival Cultural por la Paz Zacatecas 2024"},"content":{"rendered":"\r\n<p><br \/><br \/>Zacatecas, Zac., 7 de marzo de 2024.- Por ser uno de los sectores importantes, en cada una de las ediciones del Festival Cultural, las infancias tendr\u00e1n un foro especial en esta 38 edici\u00f3n, que incluir\u00e1 funciones de narraci\u00f3n oral, t\u00edteres, m\u00fasica infantil y juvenil, con presentaciones especiales a cargo de Luis Delgadillo y los Keliguanes, Son de la Ciudad, Elsa Gu\u00edzar y Tlacuacha-ch\u00e1, entre otros.<br \/><br \/>Es la Plazuela Goitia la que alojar\u00e1, todos los d\u00edas del Festival Cultural por la Paz Zacatecas 2024, a las 18:00 horas, una programaci\u00f3n que tuvo minuciosa selecci\u00f3n de piezas y obras para ni\u00f1as, ni\u00f1os y j\u00f3venes, como la de la banda de Guadalajara \u201cLuis Delgadillo y los Keliguanes\u201d, con su espect\u00e1culo de folk-rock \u201cEntre cantos y cuentos con Luis Delgadillo y los Keliguanes\u201d.<br \/><br \/>\u00c9ste es un espect\u00e1culo que re\u00fane canciones de distintas \u00e9pocas de la trayectoria de esta agrupaci\u00f3n y temas de su m\u00e1s reciente producci\u00f3n, en un viaje musical, donde se fusionan la m\u00fasica tradicional de M\u00e9xico y de Latinoam\u00e9rica con el rock; la m\u00fasica de los Tastuanes de Tonal\u00e1, Jalisco, el son jalisciense, la m\u00fasica de las danzas de Guerrero, la cumbia amaz\u00f3nica de Ecuador, el ska, entre otros.<br \/><br \/>Originaria de la Ciudad de M\u00e9xico, la agrupaci\u00f3n Son de la Ciudad presentar\u00e1 en el Festival Cultural por la Paz de Zacatecas 2024 el recorrido con ritmos de m\u00fasica tradicional denominado \u201cSon pa\u2019 los escuintles\u201d; a su vez, Tlacuacha-ch\u00e1, agrupaci\u00f3n dedicada a los t\u00edteres, narraci\u00f3n oral y juegos presentar\u00e1 \u201cC\u00facara M\u00e1cara, \u00bfT\u00edtere fue?<br \/><br \/>Las Flores del Desierto es un grupo conformado por Elsa, Paola y Myrna y tendr\u00e1n una participaci\u00f3n especial en este foro con \u00abEntre sue\u00f1os y cuentos\u201d, tres historias con las que un ama de casa, una estudiante, una abogada y el p\u00fablico como c\u00f3mplice, viajan a mundos \u00fanicos y liberadores.<br \/><br \/>Adem\u00e1s, F\u00e1bula Meraki traer\u00e1 al foro infantil \u201cCuentos de la juegueter\u00eda\u201d; a su vez, Isis Cuentacuentos compartir\u00e1 una colecci\u00f3n de narraciones de la tradici\u00f3n oral de distintas partes del mundo, en \u201cCuentos de aqu\u00ed y de all\u00e1\u201d; Elsa Gu\u00edzar llegar\u00e1 con su \u201cMaleta de cuentos\u201d, para disfrute de las y los ni\u00f1os visitantes de este foro, lo mismo que Kevin Galeana con su funci\u00f3n de narraci\u00f3n oral.<br \/><br \/>La compa\u00f1\u00eda de teatro n\u00f3mada El Carret\u00f3n del Desierto, conformada en el 2010 por Katarzyna Sek, actriz y marionetista, de formaci\u00f3n en la Escuela Nacional de Teatro en Wroclaw, Polonia y Jaime Hevia, maestro especialista de Educaci\u00f3n F\u00edsica, de la Universidad Complutense, de Madrid, Espa\u00f1a, ofrecer\u00e1n \u201cHuellas que no borra el viento. La leyenda del burrito bailar\u00edn\u201d.<br \/><br \/>\u2014ooOoo\u2014<\/p>\r\n\r\n\r\n","protected":false},"excerpt":{"rendered":"<p>Zacatecas, Zac., 7 de marzo de 2024.- Por ser uno de los sectores importantes, en cada una de las ediciones del Festival Cultural, las infancias tendr\u00e1n un foro especial en esta 38 edici\u00f3n, que incluir\u00e1 funciones de narraci\u00f3n oral, t\u00edteres, m\u00fasica infantil y juvenil, con presentaciones especiales a cargo de Luis Delgadillo y los Keliguanes, [&hellip;]<\/p>\n","protected":false},"author":3,"featured_media":17894,"comment_status":"open","ping_status":"open","sticky":false,"template":"","format":"standard","meta":{"footnotes":""},"categories":[11],"tags":[],"class_list":["post-17895","post","type-post","status-publish","format-standard","has-post-thumbnail","hentry","category-cultura"],"jetpack_featured_media_url":"http:\/\/web-zac.com\/wp-content\/uploads\/2024\/03\/img-20240307-wa00635721605880753910081.jpg","_links":{"self":[{"href":"http:\/\/web-zac.com\/index.php?rest_route=\/wp\/v2\/posts\/17895","targetHints":{"allow":["GET"]}}],"collection":[{"href":"http:\/\/web-zac.com\/index.php?rest_route=\/wp\/v2\/posts"}],"about":[{"href":"http:\/\/web-zac.com\/index.php?rest_route=\/wp\/v2\/types\/post"}],"author":[{"embeddable":true,"href":"http:\/\/web-zac.com\/index.php?rest_route=\/wp\/v2\/users\/3"}],"replies":[{"embeddable":true,"href":"http:\/\/web-zac.com\/index.php?rest_route=%2Fwp%2Fv2%2Fcomments&post=17895"}],"version-history":[{"count":2,"href":"http:\/\/web-zac.com\/index.php?rest_route=\/wp\/v2\/posts\/17895\/revisions"}],"predecessor-version":[{"id":18384,"href":"http:\/\/web-zac.com\/index.php?rest_route=\/wp\/v2\/posts\/17895\/revisions\/18384"}],"wp:featuredmedia":[{"embeddable":true,"href":"http:\/\/web-zac.com\/index.php?rest_route=\/wp\/v2\/media\/17894"}],"wp:attachment":[{"href":"http:\/\/web-zac.com\/index.php?rest_route=%2Fwp%2Fv2%2Fmedia&parent=17895"}],"wp:term":[{"taxonomy":"category","embeddable":true,"href":"http:\/\/web-zac.com\/index.php?rest_route=%2Fwp%2Fv2%2Fcategories&post=17895"},{"taxonomy":"post_tag","embeddable":true,"href":"http:\/\/web-zac.com\/index.php?rest_route=%2Fwp%2Fv2%2Ftags&post=17895"}],"curies":[{"name":"wp","href":"https:\/\/api.w.org\/{rel}","templated":true}]}}