{"id":17860,"date":"2024-03-05T12:49:06","date_gmt":"2024-03-05T18:49:06","guid":{"rendered":"http:\/\/web-zac.com\/?p=17860"},"modified":"2024-03-05T12:49:23","modified_gmt":"2024-03-05T18:49:23","slug":"saul-monreal-recorrera-casa-por-casa-municipio-por-municipio-escuchando","status":"publish","type":"post","link":"http:\/\/web-zac.com\/?p=17860","title":{"rendered":"SA\u00daL&nbsp; MONREAL RECORRER\u00c1 CASA POR CASA, MUNICIPIO POR MUNICIPIO ESCUCHANDO"},"content":{"rendered":"\n<p>\n<br>\n<br>\n<br>El candidato al Senado de la Rep\u00fablica \n<br>por Morena recorri\u00f3 las colonias Francisco E.&nbsp; \n<br>Garc\u00eda, El Orito, Fovissste y Tres Cruces\n<br>para escuchar las necesidades de los habitantes\n<br>\n<br>Zacatecas, Zac.- Sa\u00fal Monreal \u00c1vila, candidato por el Senado de la Rep\u00fablica del partido Movimiento de Regeneraci\u00f3n Nacional (Morena), dio arranque a su campa\u00f1a en la Capital de Zacatecas al visitar las colonias Francisco E. Garc\u00eda, El Orito, Fovissste y Tres cruces para escuchar las peticiones m\u00e1s sentidas de este sector, donde el \u00e1nimo y alegr\u00eda por la continuidad de la transformaci\u00f3n se hicieron notar. \n<br>\n<br>Es un hecho que el pr\u00f3ximo 2 de junio el triunfo de MORENA ser\u00e1 contundente en el pa\u00eds, y de la mano con la Dra. Claudia Sheinbaum Pardo, aspirante a la presidencia de la Rep\u00fablica, Zacatecas ser\u00e1 un estado de progreso.\n<br>\n<br>Monreal \u00c1vila afirm\u00f3 que recorrer\u00e1 el estado de Zacatecas con el objetivo de atender cada una de las necesidades de los zacatecanos. Para ello, visitar\u00e1 casa por casa, municipio por municipio y en su caminar prevalecer\u00e1 el o\u00eddo y la recepci\u00f3n de las necesidades que m\u00e1s aquejan al estado. \n<br>\n<br>El aspirante al senado refrend\u00f3 su compromiso para apoyar a los adultos mayores, mujeres, y juventud zacatecana. Trabajo que ser\u00e1 posible gracias a su convicci\u00f3n de apoyar a cada sector, sumando los m\u00e1s de 100 compromisos de Claudia Sheinbaum para consolidad y dar seguimiento a la transformaci\u00f3n de Zacatecas. \n<br>\n<br>En su discurso, Sa\u00fal Monreal resalt\u00f3 que la juventud es uno de los sectores m\u00e1s relevantes, ya que integra al presente del pa\u00eds, por ello, se deben cuidar, impulsar y orientar. Adem\u00e1s, habl\u00f3 de la importancia de consolidar a las familias zacatecanas, pues se trabaja de manera permanente para la reconstrucci\u00f3n del tejido social. \n<br>\n<br>En este punto resalt\u00f3 la importancia de que se coadyuve con las familias, instituciones educativas y el gobierno para crear ambientes sanos, justos, donde con los valores y apoyo familiar se logre el desarrollo integral de cada individuo. \n<br>\n<br>\n<br><\/p>\n\n\n\n<figure class=\"wp-block-image size-large\"><img loading=\"lazy\" decoding=\"async\" width=\"1024\" height=\"682\" src=\"http:\/\/web-zac.com\/wp-content\/uploads\/2024\/03\/img-20240304-wa0262339393863910129059-1024x682.jpg\" alt=\"\" class=\"wp-image-17859\" srcset=\"http:\/\/web-zac.com\/wp-content\/uploads\/2024\/03\/img-20240304-wa0262339393863910129059-1024x682.jpg 1024w, http:\/\/web-zac.com\/wp-content\/uploads\/2024\/03\/img-20240304-wa0262339393863910129059-300x200.jpg 300w, http:\/\/web-zac.com\/wp-content\/uploads\/2024\/03\/img-20240304-wa0262339393863910129059-768x512.jpg 768w, http:\/\/web-zac.com\/wp-content\/uploads\/2024\/03\/img-20240304-wa0262339393863910129059-1200x800.jpg 1200w, http:\/\/web-zac.com\/wp-content\/uploads\/2024\/03\/img-20240304-wa0262339393863910129059.jpg 1280w\" sizes=\"auto, (max-width: 1024px) 100vw, 1024px\" \/><\/figure>\n","protected":false},"excerpt":{"rendered":"<p>El candidato al Senado de la Rep\u00fablica por Morena recorri\u00f3 las colonias Francisco E.&nbsp; Garc\u00eda, El Orito, Fovissste y Tres Cruces para escuchar las necesidades de los habitantes Zacatecas, Zac.- Sa\u00fal Monreal \u00c1vila, candidato por el Senado de la Rep\u00fablica del partido Movimiento de Regeneraci\u00f3n Nacional (Morena), dio arranque a su campa\u00f1a en la Capital [&hellip;]<\/p>\n","protected":false},"author":3,"featured_media":17859,"comment_status":"open","ping_status":"open","sticky":false,"template":"","format":"standard","meta":{"footnotes":""},"categories":[3],"tags":[],"class_list":["post-17860","post","type-post","status-publish","format-standard","has-post-thumbnail","hentry","category-webpolitica"],"jetpack_featured_media_url":"http:\/\/web-zac.com\/wp-content\/uploads\/2024\/03\/img-20240304-wa0262339393863910129059.jpg","_links":{"self":[{"href":"http:\/\/web-zac.com\/index.php?rest_route=\/wp\/v2\/posts\/17860","targetHints":{"allow":["GET"]}}],"collection":[{"href":"http:\/\/web-zac.com\/index.php?rest_route=\/wp\/v2\/posts"}],"about":[{"href":"http:\/\/web-zac.com\/index.php?rest_route=\/wp\/v2\/types\/post"}],"author":[{"embeddable":true,"href":"http:\/\/web-zac.com\/index.php?rest_route=\/wp\/v2\/users\/3"}],"replies":[{"embeddable":true,"href":"http:\/\/web-zac.com\/index.php?rest_route=%2Fwp%2Fv2%2Fcomments&post=17860"}],"version-history":[{"count":1,"href":"http:\/\/web-zac.com\/index.php?rest_route=\/wp\/v2\/posts\/17860\/revisions"}],"predecessor-version":[{"id":17861,"href":"http:\/\/web-zac.com\/index.php?rest_route=\/wp\/v2\/posts\/17860\/revisions\/17861"}],"wp:featuredmedia":[{"embeddable":true,"href":"http:\/\/web-zac.com\/index.php?rest_route=\/wp\/v2\/media\/17859"}],"wp:attachment":[{"href":"http:\/\/web-zac.com\/index.php?rest_route=%2Fwp%2Fv2%2Fmedia&parent=17860"}],"wp:term":[{"taxonomy":"category","embeddable":true,"href":"http:\/\/web-zac.com\/index.php?rest_route=%2Fwp%2Fv2%2Fcategories&post=17860"},{"taxonomy":"post_tag","embeddable":true,"href":"http:\/\/web-zac.com\/index.php?rest_route=%2Fwp%2Fv2%2Ftags&post=17860"}],"curies":[{"name":"wp","href":"https:\/\/api.w.org\/{rel}","templated":true}]}}