{"id":17845,"date":"2024-03-04T16:30:45","date_gmt":"2024-03-04T22:30:45","guid":{"rendered":"http:\/\/web-zac.com\/?p=17845"},"modified":"2024-03-04T16:30:57","modified_gmt":"2024-03-04T22:30:57","slug":"imparten-conferencia-sobre-mujeres-destacadas-de-zacatecas","status":"publish","type":"post","link":"http:\/\/web-zac.com\/?p=17845","title":{"rendered":"Imparten conferencia sobre Mujeres Destacadas de Zacatecas<br>"},"content":{"rendered":"\n<figure class=\"wp-block-image size-large\"><img loading=\"lazy\" decoding=\"async\" width=\"1024\" height=\"603\" src=\"http:\/\/web-zac.com\/wp-content\/uploads\/2024\/03\/img-20240304-wa02194242741868694591758-1024x603.jpg\" alt=\"\" class=\"wp-image-17844\" srcset=\"http:\/\/web-zac.com\/wp-content\/uploads\/2024\/03\/img-20240304-wa02194242741868694591758-1024x603.jpg 1024w, http:\/\/web-zac.com\/wp-content\/uploads\/2024\/03\/img-20240304-wa02194242741868694591758-300x177.jpg 300w, http:\/\/web-zac.com\/wp-content\/uploads\/2024\/03\/img-20240304-wa02194242741868694591758-768x452.jpg 768w, http:\/\/web-zac.com\/wp-content\/uploads\/2024\/03\/img-20240304-wa02194242741868694591758-1536x904.jpg 1536w, http:\/\/web-zac.com\/wp-content\/uploads\/2024\/03\/img-20240304-wa02194242741868694591758-1200x707.jpg 1200w, http:\/\/web-zac.com\/wp-content\/uploads\/2024\/03\/img-20240304-wa02194242741868694591758.jpg 1600w\" sizes=\"auto, (max-width: 1024px) 100vw, 1024px\" \/><\/figure>\n\n\n\n<p><br>\u25aa\ufe0f Se realiz\u00f3 en el marco de la conmemoraci\u00f3n del D\u00eda Internacional de la Mujer<br>\u25aa\ufe0f Destacan labor de Luz Gonz\u00e1lez Cos\u00edo Acosta, fundadora de la Cruz Roja Mexicana<br><br>Zacatecas, Zac., 4 de marzo de 2024.- En el marco de la conmemoraci\u00f3n del D\u00eda Internacional de la Mujer, se llev\u00f3 a cabo la Conferencia Mujeres Destacadas de Zacatecas, impartida por el Cronista del Estado, quien destac\u00f3 los aportes de Luz Gonz\u00e1lez Cos\u00edo Acosta de L\u00f3pez, para que se estableciera en M\u00e9xico la Cruz Roja.<br><br>Record\u00f3 que en 1898 la Profesora logr\u00f3 una primera entrevista con el Presidente Porfirio D\u00edaz, en la que present\u00f3 una propuesta debidamente argumentada; sin embargo, le pidi\u00f3 que se entrevistara con los generales Manuel Mondrag\u00f3n y Bernardo Reyes, sin que hubiera tenido respuesta.<br><br>En el acto realizado en el patio central de Palacio de Gobierno y organizado por el Comit\u00e9 de Equidad de G\u00e9nero de la Secretar\u00eda General de Gobierno, el Cronista dijo que, en una segunda entrevista con el titular del Poder Ejecutivo, las razones expuestas convencieron al mandatario, al grado en que urgi\u00f3 que le fueran entregados los pormenores de la organizaci\u00f3n y orden\u00f3 a Hacienda entregar los 15 mil pesos que se requer\u00edan.<br><br>En agosto de 1909, la Ciudad de Monterrey sufri\u00f3 una catastr\u00f3fica inundaci\u00f3n que cobr\u00f3 una considerable cantidad de vidas humanas y el 2 de septiembre parti\u00f3 de la Ciudad de M\u00e9xico el tren de la Cruz Roja, con destino a aquella ciudad; la comitiva se conform\u00f3 por enfermeras y voluntarios.<br><br>Posteriormente, dijo el Cronista del Estado, logr\u00f3 que el 21 de febrero de 1910, el Presidente Porfirio D\u00edaz emitiera el Decreto 401, que reconoci\u00f3 la personalidad oficial a la entonces \u201cAsociaci\u00f3n Mexicana de Cruz Roja\u201d. El 26 de abril siguiente, los integrantes de la naciente instituci\u00f3n eligieron a su mesa directiva.<br><br>Tambi\u00e9n impuls\u00f3 otras organizaciones como la \u201cAsociaci\u00f3n Mexicana Gota de Leche\u201d, que ten\u00eda el prop\u00f3sito de que la ni\u00f1ez mexicana tuviera acceso, siempre, a este alimento; la \u201cAsociaci\u00f3n de Madres Mexicanas\u201d, que proteg\u00eda a las madres pobres y solas y salvaguardaba sus derechos laborales ante sus necesidades maternales, orient\u00e1ndolas tambi\u00e9n en esas tareas; la \u201cAsociaci\u00f3n Femenil Iberoamericana\u201d, para establecer v\u00ednculos de uni\u00f3n entre las mujeres de la \u00e9poca. Otro ejemplo fue el \u201cAsilo Col\u00f3n para peque\u00f1os hu\u00e9rfanos\u201d.<br><br>Se refiri\u00f3 tambi\u00e9n a otras mujeres como la etn\u00f3loga Graciela Amador, investigadora del folclor nacional, as\u00ed como de cantos y corridos mexicanos; fund\u00f3 el Teatro Gui\u00f1ol Periquito, con el que llev\u00f3 a cabo una extraordinaria labor educativa. Josefa Brilanti Ferniza, fundadora del Asilo de Mendigos de la Ciudad de Zacatecas y patrocinadora de la Torre Norte de Catedral, que actualmente, a cien a\u00f1os de su inauguraci\u00f3n, se encuentra en remodelaci\u00f3n.<br>Tambi\u00e9n mencion\u00f3 a la Profesora de M\u00fasica y Escritora Josefina Ceniceros Fuentes, quien fue contratada por la Secretar\u00eda de Educaci\u00f3n P\u00fablica para colaborar en el \u00e1rea de preescolar y ofreci\u00f3 recitales en la Sala Wagner y en la Academia J. S. Bach; sus cuentos fueron publicados en El Universal, El Pa\u00eds, La Palabra y la revista Paquita. Mar\u00eda Teresa Ealorduy, Profesora y Pianista, quien estudi\u00f3 m\u00fasica en algunas prestigiosas academias de Estados Unidos y fue alumna de Ernest Kroeger, tambi\u00e9n fue catedr\u00e1tica en el Conservatorio Nacional.<br>La Fil\u00f3sofa, Arque\u00f3loga y Pedagoga Eulalia Guzm\u00e1n Barr\u00f3n, originaria de San Pedro Piedra Gorda, hoy Cuauht\u00e9moc.<br><br>Otra de las mujeres destacadas fue la poetisa Mar\u00eda del Refugio Garc\u00eda de Espejo, autora del poemario Selv\u00e1ticas. La Profesora Beatriz Gonz\u00e1lez Ortega Ferniza, fil\u00e1ntropa y educadora que protagoniz\u00f3 una estremecedora escena en la Toma de Zacatecas. Josefina Lomel\u00ed Quirarte, Historiadora y Profesora, imparti\u00f3 clases en la Universidad Nacional Aut\u00f3noma de M\u00e9xico y en el Museo Nacional, fue de las fundadoras de la Universidad Femenina y de la carrera de educadora.<br><br>Finalmente, la Cantante de \u00f3pera y Profesora, Mar\u00eda de los \u00c1ngeles Guadalupe Medina de Ortega y Mar\u00eda Nieves Robles, quien fue una aguerrida combatiente cristera. La Artista pl\u00e1stica Otilia Rodr\u00edguez de la Torre estudi\u00f3 en la Escuela de San Carlos y fue alumna de F\u00e9lix Parra, Jos\u00e9 Mar\u00eda Velasco y Joaqu\u00edn Rodr\u00edguez, por mencionar algunos.<br><br>\u2014ooOoo\u2014<\/p>\n","protected":false},"excerpt":{"rendered":"<p>\u25aa\ufe0f Se realiz\u00f3 en el marco de la conmemoraci\u00f3n del D\u00eda Internacional de la Mujer\u25aa\ufe0f Destacan labor de Luz Gonz\u00e1lez Cos\u00edo Acosta, fundadora de la Cruz Roja Mexicana Zacatecas, Zac., 4 de marzo de 2024.- En el marco de la conmemoraci\u00f3n del D\u00eda Internacional de la Mujer, se llev\u00f3 a cabo la Conferencia Mujeres Destacadas [&hellip;]<\/p>\n","protected":false},"author":3,"featured_media":17844,"comment_status":"open","ping_status":"open","sticky":false,"template":"","format":"standard","meta":{"footnotes":""},"categories":[4,22],"tags":[],"class_list":["post-17845","post","type-post","status-publish","format-standard","has-post-thumbnail","hentry","category-webgobierno","category-gobierno"],"jetpack_featured_media_url":"http:\/\/web-zac.com\/wp-content\/uploads\/2024\/03\/img-20240304-wa02194242741868694591758.jpg","_links":{"self":[{"href":"http:\/\/web-zac.com\/index.php?rest_route=\/wp\/v2\/posts\/17845","targetHints":{"allow":["GET"]}}],"collection":[{"href":"http:\/\/web-zac.com\/index.php?rest_route=\/wp\/v2\/posts"}],"about":[{"href":"http:\/\/web-zac.com\/index.php?rest_route=\/wp\/v2\/types\/post"}],"author":[{"embeddable":true,"href":"http:\/\/web-zac.com\/index.php?rest_route=\/wp\/v2\/users\/3"}],"replies":[{"embeddable":true,"href":"http:\/\/web-zac.com\/index.php?rest_route=%2Fwp%2Fv2%2Fcomments&post=17845"}],"version-history":[{"count":1,"href":"http:\/\/web-zac.com\/index.php?rest_route=\/wp\/v2\/posts\/17845\/revisions"}],"predecessor-version":[{"id":17846,"href":"http:\/\/web-zac.com\/index.php?rest_route=\/wp\/v2\/posts\/17845\/revisions\/17846"}],"wp:featuredmedia":[{"embeddable":true,"href":"http:\/\/web-zac.com\/index.php?rest_route=\/wp\/v2\/media\/17844"}],"wp:attachment":[{"href":"http:\/\/web-zac.com\/index.php?rest_route=%2Fwp%2Fv2%2Fmedia&parent=17845"}],"wp:term":[{"taxonomy":"category","embeddable":true,"href":"http:\/\/web-zac.com\/index.php?rest_route=%2Fwp%2Fv2%2Fcategories&post=17845"},{"taxonomy":"post_tag","embeddable":true,"href":"http:\/\/web-zac.com\/index.php?rest_route=%2Fwp%2Fv2%2Ftags&post=17845"}],"curies":[{"name":"wp","href":"https:\/\/api.w.org\/{rel}","templated":true}]}}