{"id":17839,"date":"2024-03-04T16:25:43","date_gmt":"2024-03-04T22:25:43","guid":{"rendered":"http:\/\/web-zac.com\/?p=17839"},"modified":"2024-03-04T16:25:54","modified_gmt":"2024-03-04T22:25:54","slug":"republica-segura-y-con-justicia-claudia-sheinbaum","status":"publish","type":"post","link":"http:\/\/web-zac.com\/?p=17839","title":{"rendered":"\u00abRep\u00fablica Segura y con Justicia\u00bb: Claudia Sheinbaum <br>"},"content":{"rendered":"\n<p><br><br>El presidente nacional de Morena y coordinador general de campa\u00f1a, Mario Delgado, acompa\u00f1\u00f3 a la candidata presidencial por la coalici\u00f3n Sigamos Haciendo Historia, Claudia Sheinbaum Pardo, a la Presentaci\u00f3n del Primer Eje de Gobierno del Proyecto de Naci\u00f3n, \u00abRep\u00fablica Segura y con Justicia\u00bb.<br><br>La candidata present\u00f3 los avances del gobierno federal y del gobierno de la Ciudad de M\u00e9xico en materia de seguridad, y expuso cuatro puntos que conformar\u00e1n la estrategia de paz y seguridad: Honestidad y atenci\u00f3n a las causas; consolidaci\u00f3n de la Guardia Nacional y fortalecimiento de inteligencia e investigaci\u00f3n; coordinaci\u00f3n con polic\u00edas estatales, fiscal\u00edas locales y Fiscal\u00eda General de la Rep\u00fablica, y la\u00a0 Reforma al Poder Judicial. <br><br>En el encuentro participaron: el exministro Arturo Zald\u00edvar, los candidatos al Senado de la Rep\u00fablica por la Ciudad de M\u00e9xico, Omar Garc\u00eda Harfuch y Ernestina Godoy, as\u00ed como Beatriz Olivares, extitular del Instituto de la Juventud de la Ciudad de M\u00e9xico. <br><br>Tambi\u00e9n estuvieron presentes Jos\u00e9 Merino, Coordinador T\u00e9cnico de los Di\u00e1logos por la Transformaci\u00f3n, y Renata Turrent, coordinadora de Enlace con Di\u00e1logos por la Transformaci\u00f3n.<br><br>*Link de fotograf\u00edas*: https:\/\/we.tl\/t-Z1ByjU5N1V<\/p>\n\n\n\n<figure class=\"wp-block-image size-large\"><img loading=\"lazy\" decoding=\"async\" width=\"1024\" height=\"682\" src=\"http:\/\/web-zac.com\/wp-content\/uploads\/2024\/03\/img_20240304_141429_1639001391371248740864-1024x682.jpg\" alt=\"\" class=\"wp-image-17838\" srcset=\"http:\/\/web-zac.com\/wp-content\/uploads\/2024\/03\/img_20240304_141429_1639001391371248740864-1024x682.jpg 1024w, http:\/\/web-zac.com\/wp-content\/uploads\/2024\/03\/img_20240304_141429_1639001391371248740864-300x200.jpg 300w, http:\/\/web-zac.com\/wp-content\/uploads\/2024\/03\/img_20240304_141429_1639001391371248740864-768x512.jpg 768w, http:\/\/web-zac.com\/wp-content\/uploads\/2024\/03\/img_20240304_141429_1639001391371248740864-1200x800.jpg 1200w, http:\/\/web-zac.com\/wp-content\/uploads\/2024\/03\/img_20240304_141429_1639001391371248740864.jpg 1280w\" sizes=\"auto, (max-width: 1024px) 100vw, 1024px\" \/><\/figure>\n","protected":false},"excerpt":{"rendered":"<p>El presidente nacional de Morena y coordinador general de campa\u00f1a, Mario Delgado, acompa\u00f1\u00f3 a la candidata presidencial por la coalici\u00f3n Sigamos Haciendo Historia, Claudia Sheinbaum Pardo, a la Presentaci\u00f3n del Primer Eje de Gobierno del Proyecto de Naci\u00f3n, \u00abRep\u00fablica Segura y con Justicia\u00bb. La candidata present\u00f3 los avances del gobierno federal y del gobierno de [&hellip;]<\/p>\n","protected":false},"author":3,"featured_media":17838,"comment_status":"open","ping_status":"open","sticky":false,"template":"","format":"standard","meta":{"footnotes":""},"categories":[14,3],"tags":[],"class_list":["post-17839","post","type-post","status-publish","format-standard","has-post-thumbnail","hentry","category-nacional","category-webpolitica"],"jetpack_featured_media_url":"http:\/\/web-zac.com\/wp-content\/uploads\/2024\/03\/img_20240304_141429_1639001391371248740864.jpg","_links":{"self":[{"href":"http:\/\/web-zac.com\/index.php?rest_route=\/wp\/v2\/posts\/17839","targetHints":{"allow":["GET"]}}],"collection":[{"href":"http:\/\/web-zac.com\/index.php?rest_route=\/wp\/v2\/posts"}],"about":[{"href":"http:\/\/web-zac.com\/index.php?rest_route=\/wp\/v2\/types\/post"}],"author":[{"embeddable":true,"href":"http:\/\/web-zac.com\/index.php?rest_route=\/wp\/v2\/users\/3"}],"replies":[{"embeddable":true,"href":"http:\/\/web-zac.com\/index.php?rest_route=%2Fwp%2Fv2%2Fcomments&post=17839"}],"version-history":[{"count":1,"href":"http:\/\/web-zac.com\/index.php?rest_route=\/wp\/v2\/posts\/17839\/revisions"}],"predecessor-version":[{"id":17840,"href":"http:\/\/web-zac.com\/index.php?rest_route=\/wp\/v2\/posts\/17839\/revisions\/17840"}],"wp:featuredmedia":[{"embeddable":true,"href":"http:\/\/web-zac.com\/index.php?rest_route=\/wp\/v2\/media\/17838"}],"wp:attachment":[{"href":"http:\/\/web-zac.com\/index.php?rest_route=%2Fwp%2Fv2%2Fmedia&parent=17839"}],"wp:term":[{"taxonomy":"category","embeddable":true,"href":"http:\/\/web-zac.com\/index.php?rest_route=%2Fwp%2Fv2%2Fcategories&post=17839"},{"taxonomy":"post_tag","embeddable":true,"href":"http:\/\/web-zac.com\/index.php?rest_route=%2Fwp%2Fv2%2Ftags&post=17839"}],"curies":[{"name":"wp","href":"https:\/\/api.w.org\/{rel}","templated":true}]}}