{"id":17824,"date":"2024-03-03T14:28:27","date_gmt":"2024-03-03T20:28:27","guid":{"rendered":"http:\/\/web-zac.com\/?p=17824"},"modified":"2024-03-03T14:28:43","modified_gmt":"2024-03-03T20:28:43","slug":"mi-trabajo-sera-a-favor-de-la-ciudadania-en-el-fortalecimiento-de-la-cuarta-transformacion","status":"publish","type":"post","link":"http:\/\/web-zac.com\/?p=17824","title":{"rendered":"MI TRABAJO SER\u00c1 A FAVOR DE LA CIUDADAN\u00cdA EN EL FORTALECIMIENTO DE LA CUARTA TRANSFORMACI\u00d3N"},"content":{"rendered":"\n<figure class=\"wp-block-image size-large\"><img loading=\"lazy\" decoding=\"async\" width=\"1024\" height=\"682\" src=\"http:\/\/web-zac.com\/wp-content\/uploads\/2024\/03\/img-20240303-wa00455437144511546933332-1024x682.jpg\" alt=\"\" class=\"wp-image-17823\" srcset=\"http:\/\/web-zac.com\/wp-content\/uploads\/2024\/03\/img-20240303-wa00455437144511546933332-1024x682.jpg 1024w, http:\/\/web-zac.com\/wp-content\/uploads\/2024\/03\/img-20240303-wa00455437144511546933332-300x200.jpg 300w, http:\/\/web-zac.com\/wp-content\/uploads\/2024\/03\/img-20240303-wa00455437144511546933332-768x512.jpg 768w, http:\/\/web-zac.com\/wp-content\/uploads\/2024\/03\/img-20240303-wa00455437144511546933332-1200x800.jpg 1200w, http:\/\/web-zac.com\/wp-content\/uploads\/2024\/03\/img-20240303-wa00455437144511546933332.jpg 1280w\" sizes=\"auto, (max-width: 1024px) 100vw, 1024px\" \/><\/figure>\n\n\n\n<p>\n<br>\u2022\t\tSM\u00c1 recorrer\u00e1 todo el territorio zacatecano promoviendo sus propuestas y las de la candidata a la presidencia\n<br>de la Rep\u00fablica, Claudia Sheinbaum.\n<br>\n<br>Zacatecas, Zac.- Esta ma\u00f1ana Sa\u00fal Monreal \u00c1vila, candidato por el Senado de la Rep\u00fablica del partido Movimiento de Regeneraci\u00f3n Nacional (MORENA), se comprometi\u00f3 a trabajar en pro a la ciudan\u00eda, continuando con el segundo piso de la Cuarta Transformaci\u00f3n en materia legislativa, para as\u00ed contribuir a la continuidad de los programas de apoyo, el fortalecimiento a la Guardia Nacional en materia de seguridad y con una visi\u00f3n federalista para el trabajo en Zacatecas.\n<br>\n<br>Asimismo, el candidato inform\u00f3 que iniciara campa\u00f1a en la colonia FOVISSSTE y TRES CRUCES, as\u00ed como uno de sus objetivos en esta campa\u00f1a ser\u00e1 recorrer cada uno de los municipios del estado de Zacatecas, durante los tres pr\u00f3ximos meses cada domingo dar\u00e1 a conocer a los medios de comunicaci\u00f3n su avance en territorio y su compromiso para consolidar la transformaci\u00f3n al llegar al Senado, afirmo el candidato que no ser\u00e1 un parasito legislativo, sino un hombre con visi\u00f3n y trabajo constante, para ello, ir\u00e1 de la mano con la candidata a Presidencia de la Rep\u00fablica, Claudia Sheinbaum Pardo.\n<br>\n<br>Monreal \u00c1vila mencion\u00f3 que, a lado de la tambi\u00e9n candidata al Senado, Ver\u00f3nica D\u00edaz har\u00e1n una buena mancuerna de trabajo ya que consolidando sus fuerzas de estructura podr\u00e1n posicionarse para el cambio que tanto espera Zacatecas y sobre todo M\u00e9xico.\n<br>\n<br>El\u00ed C\u00e9sar Eduardo Cervantes Rojas, Delegado Pol\u00edtico de la Dra. Claudia Sheinbaum, quien acompa\u00f1o en apertura de prensa el d\u00eda de hoy al candidato al Senado, donde le dio su respaldo y afirm\u00f3 que es uno de los candidatos m\u00e1s fuertes del Estado de Zacatecas, reitero el respaldo de la candidata a la Presidencia de la Rep\u00fablica Claudia Sheinbaum Pardo, no solo el candidato Sa\u00fal \u00c1vila, sino a la f\u00f3rmula que representa, tambi\u00e9n informo que en los pr\u00f3ximos d\u00edas la candidata estar\u00e1 en el estado de Zacatecas.\n<br>El candidato resalto que en Zacatecas Morena se encuentra m\u00e1s fortalecido que nunca, pero adem\u00e1s comprometido para lograr un triunfo contundente el 2 de junio porque el fen\u00f3meno Claudia est\u00e1 vigente y con determinaci\u00f3n y unidad se avanzara hacia un futuro m\u00e1s justo y pr\u00f3spero para todos los Zacatecanos.<\/p>\n","protected":false},"excerpt":{"rendered":"<p>\u2022 SM\u00c1 recorrer\u00e1 todo el territorio zacatecano promoviendo sus propuestas y las de la candidata a la presidencia de la Rep\u00fablica, Claudia Sheinbaum. Zacatecas, Zac.- Esta ma\u00f1ana Sa\u00fal Monreal \u00c1vila, candidato por el Senado de la Rep\u00fablica del partido Movimiento de Regeneraci\u00f3n Nacional (MORENA), se comprometi\u00f3 a trabajar en pro a la ciudan\u00eda, continuando con [&hellip;]<\/p>\n","protected":false},"author":3,"featured_media":17823,"comment_status":"open","ping_status":"open","sticky":false,"template":"","format":"standard","meta":{"footnotes":""},"categories":[3],"tags":[],"class_list":["post-17824","post","type-post","status-publish","format-standard","has-post-thumbnail","hentry","category-webpolitica"],"jetpack_featured_media_url":"http:\/\/web-zac.com\/wp-content\/uploads\/2024\/03\/img-20240303-wa00455437144511546933332.jpg","_links":{"self":[{"href":"http:\/\/web-zac.com\/index.php?rest_route=\/wp\/v2\/posts\/17824","targetHints":{"allow":["GET"]}}],"collection":[{"href":"http:\/\/web-zac.com\/index.php?rest_route=\/wp\/v2\/posts"}],"about":[{"href":"http:\/\/web-zac.com\/index.php?rest_route=\/wp\/v2\/types\/post"}],"author":[{"embeddable":true,"href":"http:\/\/web-zac.com\/index.php?rest_route=\/wp\/v2\/users\/3"}],"replies":[{"embeddable":true,"href":"http:\/\/web-zac.com\/index.php?rest_route=%2Fwp%2Fv2%2Fcomments&post=17824"}],"version-history":[{"count":1,"href":"http:\/\/web-zac.com\/index.php?rest_route=\/wp\/v2\/posts\/17824\/revisions"}],"predecessor-version":[{"id":17825,"href":"http:\/\/web-zac.com\/index.php?rest_route=\/wp\/v2\/posts\/17824\/revisions\/17825"}],"wp:featuredmedia":[{"embeddable":true,"href":"http:\/\/web-zac.com\/index.php?rest_route=\/wp\/v2\/media\/17823"}],"wp:attachment":[{"href":"http:\/\/web-zac.com\/index.php?rest_route=%2Fwp%2Fv2%2Fmedia&parent=17824"}],"wp:term":[{"taxonomy":"category","embeddable":true,"href":"http:\/\/web-zac.com\/index.php?rest_route=%2Fwp%2Fv2%2Fcategories&post=17824"},{"taxonomy":"post_tag","embeddable":true,"href":"http:\/\/web-zac.com\/index.php?rest_route=%2Fwp%2Fv2%2Ftags&post=17824"}],"curies":[{"name":"wp","href":"https:\/\/api.w.org\/{rel}","templated":true}]}}