{"id":17386,"date":"2024-01-19T17:24:07","date_gmt":"2024-01-19T23:24:07","guid":{"rendered":"http:\/\/web-zac.com\/?p=17386"},"modified":"2024-01-19T17:24:19","modified_gmt":"2024-01-19T23:24:19","slug":"gobierno-de-fresnillorehabilita-jardin-madero","status":"publish","type":"post","link":"http:\/\/web-zac.com\/?p=17386","title":{"rendered":"GOBIERNO DE FRESNILLO\n<br>REHABILITA JARD\u00cdN MADERO\n<br>"},"content":{"rendered":"\n<figure class=\"wp-block-image\"><img loading=\"lazy\" decoding=\"async\" width=\"1024\" height=\"768\" src=\"http:\/\/web-zac.com\/wp-content\/uploads\/2024\/01\/img-20240119-wa00875161551219743413094-1024x768.jpg\" alt=\"\" class=\"wp-image-17385\" srcset=\"http:\/\/web-zac.com\/wp-content\/uploads\/2024\/01\/img-20240119-wa00875161551219743413094-1024x768.jpg 1024w, http:\/\/web-zac.com\/wp-content\/uploads\/2024\/01\/img-20240119-wa00875161551219743413094-300x225.jpg 300w, http:\/\/web-zac.com\/wp-content\/uploads\/2024\/01\/img-20240119-wa00875161551219743413094-768x576.jpg 768w, http:\/\/web-zac.com\/wp-content\/uploads\/2024\/01\/img-20240119-wa00875161551219743413094-1200x900.jpg 1200w, http:\/\/web-zac.com\/wp-content\/uploads\/2024\/01\/img-20240119-wa00875161551219743413094.jpg 1280w\" sizes=\"auto, (max-width: 1024px) 100vw, 1024px\" \/><\/figure>\n\n\n\n<p>\n<br>\u2022\tSe trabaja de modo integral para mejorar la imagen de los jardines del municipio.\n<br>\n<br>Fresnillo, Zac.- La alcaldesa de Fresnillo, Rita Roc\u00edo Qui\u00f1ones de Luna, supervis\u00f3 las labores de rehabilitaci\u00f3n del Jard\u00edn Madero, en las que se atendi\u00f3 las \u00e1reas verdes con la plantaci\u00f3n de lirios y palmeras, adem\u00e1s de la poda de los \u00e1rboles.\n<br>De igual modo, personal del \u00e1rea de Servicios P\u00fablicos dio mantenimiento con pintura a las bancas, los postes y el quiosco.\n<br>La presidenta municipal determin\u00f3 que, una vez terminadas las acciones en este jard\u00edn, se atender\u00e1 con el mismo procedimiento el resto de espacios verdes del municipio. El objetivo es generar una vista diferente de Fresnillo: por ello invit\u00f3 a la poblaci\u00f3n a sumar esfuerzos y ser activos en el cuidado y mantenimiento de los jardines.\n<br>En el recorrido se inform\u00f3 que, adem\u00e1s, se atender\u00e1 la Rinconada de La Purificaci\u00f3n con la eliminaci\u00f3n de grafitis, as\u00ed como instalaci\u00f3n de nuevas piedras tanto en el escenario como en los corredores de este espacio tan frecuentado por las familias fresnillenses.\n<br><\/p>\n","protected":false},"excerpt":{"rendered":"<p>\u2022 Se trabaja de modo integral para mejorar la imagen de los jardines del municipio. Fresnillo, Zac.- La alcaldesa de Fresnillo, Rita Roc\u00edo Qui\u00f1ones de Luna, supervis\u00f3 las labores de rehabilitaci\u00f3n del Jard\u00edn Madero, en las que se atendi\u00f3 las \u00e1reas verdes con la plantaci\u00f3n de lirios y palmeras, adem\u00e1s de la poda de los [&hellip;]<\/p>\n","protected":false},"author":3,"featured_media":17385,"comment_status":"open","ping_status":"open","sticky":false,"template":"","format":"standard","meta":{"footnotes":""},"categories":[19,6],"tags":[],"class_list":["post-17386","post","type-post","status-publish","format-standard","has-post-thumbnail","hentry","category-fresnillo","category-webmunicipios"],"jetpack_featured_media_url":"http:\/\/web-zac.com\/wp-content\/uploads\/2024\/01\/img-20240119-wa00875161551219743413094.jpg","_links":{"self":[{"href":"http:\/\/web-zac.com\/index.php?rest_route=\/wp\/v2\/posts\/17386","targetHints":{"allow":["GET"]}}],"collection":[{"href":"http:\/\/web-zac.com\/index.php?rest_route=\/wp\/v2\/posts"}],"about":[{"href":"http:\/\/web-zac.com\/index.php?rest_route=\/wp\/v2\/types\/post"}],"author":[{"embeddable":true,"href":"http:\/\/web-zac.com\/index.php?rest_route=\/wp\/v2\/users\/3"}],"replies":[{"embeddable":true,"href":"http:\/\/web-zac.com\/index.php?rest_route=%2Fwp%2Fv2%2Fcomments&post=17386"}],"version-history":[{"count":1,"href":"http:\/\/web-zac.com\/index.php?rest_route=\/wp\/v2\/posts\/17386\/revisions"}],"predecessor-version":[{"id":17387,"href":"http:\/\/web-zac.com\/index.php?rest_route=\/wp\/v2\/posts\/17386\/revisions\/17387"}],"wp:featuredmedia":[{"embeddable":true,"href":"http:\/\/web-zac.com\/index.php?rest_route=\/wp\/v2\/media\/17385"}],"wp:attachment":[{"href":"http:\/\/web-zac.com\/index.php?rest_route=%2Fwp%2Fv2%2Fmedia&parent=17386"}],"wp:term":[{"taxonomy":"category","embeddable":true,"href":"http:\/\/web-zac.com\/index.php?rest_route=%2Fwp%2Fv2%2Fcategories&post=17386"},{"taxonomy":"post_tag","embeddable":true,"href":"http:\/\/web-zac.com\/index.php?rest_route=%2Fwp%2Fv2%2Ftags&post=17386"}],"curies":[{"name":"wp","href":"https:\/\/api.w.org\/{rel}","templated":true}]}}